{"id":1098,"date":"2025-06-11T16:27:35","date_gmt":"2025-06-11T14:27:35","guid":{"rendered":"http:\/\/www.frankmendel.de\/?p=1098"},"modified":"2025-10-24T20:50:45","modified_gmt":"2025-10-24T18:50:45","slug":"urbane-entwicklung-urbane-welt","status":"publish","type":"post","link":"https:\/\/www.frankmendel.de\/fr\/2025\/06\/11\/urbane-entwicklung-urbane-welt\/","title":{"rendered":"D\u00c9VELOPPEMENT URBAIN. MONDE URBAIN. R\u00c9FLEXIONS\u2026"},"content":{"rendered":"Beaucoup de choses ont chang\u00e9 au cours des cinquante derni\u00e8res ann\u00e9es. La population mondiale ne cesse d\u2019augmenter. Mais ce n\u2019est pas seulement leur nombre qui change : leur r\u00e9partition aussi. Aujourd\u2019hui, pr\u00e8s de <strong>la moiti\u00e9<\/strong> de <strong>l\u2019humanit\u00e9<\/strong> vit dans les <strong>villes<\/strong>.<\/p>\n<h6 id=\"des-villes-plus-grandes-davantage-dhabitants\">DES VILLES PLUS GRANDES. DAVANTAGE D\u2019HABITANTS.<\/h6>\n<h3 id=\"une-croissance-urbaine-en-afrique-et-en-asie\">UNE CROISSANCE URBAINE EN AFRIQUE ET EN ASIE.<\/h3>\n<p><a href=\"http:\/\/www.frankmendel.de\/wp-content\/uploads\/2015\/10\/FM_UE_001.jpg\"><img loading=\"lazy\" decoding=\"async\" class=\"alignnone size-full wp-image-1109\" src=\"https:\/\/www.frankmendel.de\/wp-content\/uploads\/2015\/10\/FM_UE_002.jpg\" alt=\"\" width=\"1500\" height=\"892\" \/><\/a>Si l\u2019on observe les \u00e9volutions mondiales \u00e0 l\u2019horizon 2030, une \u00e9vidence s\u2019impose : la majorit\u00e9 des citadins vivra en Afrique et en Asie.<br \/>\nDans les prochaines ann\u00e9es, <strong>l\u2019Inde<\/strong>, la <strong>Chine<\/strong> et le <strong>Nig\u00e9ria accueilleront chacun environ un milliard de nouveaux habitants<\/strong> dans leurs villes.<\/p>\n<p><a href=\"http:\/\/www.frankmendel.de\/wp-content\/uploads\/2015\/10\/Frank_Mendel_Urbane_Entwicklung_004.jpg\"><img loading=\"lazy\" decoding=\"async\" class=\"alignnone size-full wp-image-1225\" src=\"http:\/\/www.frankmendel.de\/wp-content\/uploads\/2015\/10\/Frank_Mendel_Urbane_Entwicklung_004.jpg\" alt=\"\" width=\"1500\" height=\"1200\" srcset=\"https:\/\/www.frankmendel.de\/wp-content\/uploads\/2015\/10\/Frank_Mendel_Urbane_Entwicklung_004.jpg 1500w, https:\/\/www.frankmendel.de\/wp-content\/uploads\/2015\/10\/Frank_Mendel_Urbane_Entwicklung_004-300x240.jpg 300w, https:\/\/www.frankmendel.de\/wp-content\/uploads\/2015\/10\/Frank_Mendel_Urbane_Entwicklung_004-768x614.jpg 768w, https:\/\/www.frankmendel.de\/wp-content\/uploads\/2015\/10\/Frank_Mendel_Urbane_Entwicklung_004-1024x819.jpg 1024w, https:\/\/www.frankmendel.de\/wp-content\/uploads\/2015\/10\/Frank_Mendel_Urbane_Entwicklung_004-288x230.jpg 288w, https:\/\/www.frankmendel.de\/wp-content\/uploads\/2015\/10\/Frank_Mendel_Urbane_Entwicklung_004-410x328.jpg 410w\" sizes=\"auto, (max-width: 1500px) 100vw, 1500px\" \/><\/a><\/p>\n<p><span class=\"font5\"><strong>Cela n\u00e9cessitera des projets de construction d\u2019une ampleur in\u00e9dite. Pour cr\u00e9er des logements. Pour am\u00e9nager des espaces de travail. Pour b\u00e2tir des infrastructures de loisirs. Et pour am\u00e9liorer la mobilit\u00e9.<\/strong><\/span>Neue Chancen.<\/p>\n<h6 id=\"de-nouvelles-opportunites\">DE NOUVELLES OPPORTUNIT\u00c9S.<\/h6>\n<h3 id=\"des-solutions-durables\">DES SOLUTIONS DURABLES.<\/h3>\n<p><a href=\"http:\/\/www.frankmendel.de\/wp-content\/uploads\/2015\/10\/Frank_Mendel_Nachhaltigkeit_001.jpg\"><img loading=\"lazy\" decoding=\"async\" class=\"alignnone size-full wp-image-1105\" src=\"http:\/\/www.frankmendel.de\/wp-content\/uploads\/2015\/10\/Frank_Mendel_Nachhaltigkeit_001.jpg\" alt=\"\" width=\"1500\" height=\"1068\" srcset=\"https:\/\/www.frankmendel.de\/wp-content\/uploads\/2015\/10\/Frank_Mendel_Nachhaltigkeit_001.jpg 1500w, https:\/\/www.frankmendel.de\/wp-content\/uploads\/2015\/10\/Frank_Mendel_Nachhaltigkeit_001-300x214.jpg 300w, https:\/\/www.frankmendel.de\/wp-content\/uploads\/2015\/10\/Frank_Mendel_Nachhaltigkeit_001-768x547.jpg 768w, https:\/\/www.frankmendel.de\/wp-content\/uploads\/2015\/10\/Frank_Mendel_Nachhaltigkeit_001-1024x729.jpg 1024w, https:\/\/www.frankmendel.de\/wp-content\/uploads\/2015\/10\/Frank_Mendel_Nachhaltigkeit_001-323x230.jpg 323w, https:\/\/www.frankmendel.de\/wp-content\/uploads\/2015\/10\/Frank_Mendel_Nachhaltigkeit_001-410x292.jpg 410w\" sizes=\"auto, (max-width: 1500px) 100vw, 1500px\" \/><\/a>Die schnell fortschreitende Urbanisierung kombiniert mit dem globalen<\/p>\n<p>L\u2019urbanisation acc\u00e9l\u00e9r\u00e9e, combin\u00e9e \u00e0 la croissance d\u00e9mographique mondiale, confronte l\u2019humanit\u00e9 \u00e0 des <strong>d\u00e9fis, des responsabilit\u00e9s et des choix d\u00e9cisifs<\/strong>.<\/p>\n<p>Mais ces d\u00e9fis ouvrent aussi des <strong>opportunit\u00e9s uniques<\/strong> : imaginer des <strong>solutions intelligentes et durables<\/strong>, capables <strong>d\u2019am\u00e9liorer nos vies \u00e0 tous<\/strong>.<\/p>\n<p>Il nous revient maintenant de saisir ces opportunit\u00e9s. <strong>Pour nos enfants. Et nos petits-enfants<\/strong>.<\/p>\n<h6 id=\"nouvelles-habitations-nouvelles-vies\">NOUVELLES HABITATIONS. NOUVELLES VIES.<\/h6>\n<h3 id=\"nouveaux-concepts\">NOUVEAUX CONCEPTS.<\/h3>\n<p><a href=\"http:\/\/www.frankmendel.de\/wp-content\/uploads\/2015\/10\/Frank_Mendel_Budapest_Dohany_Utca.jpeg\"><img loading=\"lazy\" decoding=\"async\" class=\"alignnone size-full wp-image-1104\" src=\"http:\/\/www.frankmendel.de\/wp-content\/uploads\/2015\/10\/Frank_Mendel_Budapest_Dohany_Utca.jpeg\" alt=\"\" width=\"2587\" height=\"1714\" srcset=\"https:\/\/www.frankmendel.de\/wp-content\/uploads\/2015\/10\/Frank_Mendel_Budapest_Dohany_Utca.jpeg 2587w, https:\/\/www.frankmendel.de\/wp-content\/uploads\/2015\/10\/Frank_Mendel_Budapest_Dohany_Utca-300x199.jpeg 300w, https:\/\/www.frankmendel.de\/wp-content\/uploads\/2015\/10\/Frank_Mendel_Budapest_Dohany_Utca-768x509.jpeg 768w, https:\/\/www.frankmendel.de\/wp-content\/uploads\/2015\/10\/Frank_Mendel_Budapest_Dohany_Utca-1024x678.jpeg 1024w, https:\/\/www.frankmendel.de\/wp-content\/uploads\/2015\/10\/Frank_Mendel_Budapest_Dohany_Utca-347x230.jpeg 347w, https:\/\/www.frankmendel.de\/wp-content\/uploads\/2015\/10\/Frank_Mendel_Budapest_Dohany_Utca-410x272.jpeg 410w\" sizes=\"auto, (max-width: 2587px) 100vw, 2587px\" \/><\/a>Autrefois, nos <strong>anc\u00eatres<\/strong> b\u00e2tissaient des r\u00e9sidences magnifiques, <strong>parfaitement adapt\u00e9es \u00e0 leur r\u00e9gion<\/strong>.<\/p>\n<p>En passant devant\u00a0<strong>ce splendide \u00e9difice<\/strong> (voir ci-dessus), sur le chemin du retour par la rue Doh\u00e1ny vers mon h\u00f4tel \u00e0 Budapest, je me suis demand\u00e9:<\/p>\n<p>\u201eComment se fait-il <strong>qu\u2019aujourd\u2019hui<\/strong>, nous confions si souvent aux <strong>architectes<\/strong> la construction d\u2019immeubles <strong>sans \u00e2me<\/strong>, <strong>mal isol\u00e9s<\/strong>, des logements de masse qui, pour beaucoup, ne durent gu\u00e8re plus qu\u2019<strong>une g\u00e9n\u00e9ration<\/strong>?\u201c<\/p>\n<p><em>\u201eComment pourrait-on, \u00e0 l\u2019avenir, rendre la construction plus abordable tout en cr\u00e9ant des habitations belles, durables et \u00e9conomes en \u00e9nergie ?\u201c<\/em><\/p>\n<p><em>\u201eNe devrait-on pas, en tant que \u00ab citoyens \u00bb, avoir notre mot \u00e0 dire sur les b\u00e2timents autoris\u00e9s \u00e0 s\u2019\u00e9lever dans \u00ab notre rue \u00bb ou \u00ab notre quartier?<br \/>\nBeaucoup d\u2019entre nous y seraient sans doute favorables.\u201c<\/em><\/p>\n<h6 id=\"nouveaux-regards-nouvelles-opportunites\"><strong>NOUVEAUX REGARDS. NOUVELLES OPPORTUNIT\u00c9S.<br \/>\n<\/strong><\/h6>\n<h3 id=\"creativite-urbaine\"><strong>CR\u00c9ATIVIT\u00c9 URBAINE.<\/strong><\/h3>\n<p>Depuis longtemps, les villes offrent des espaces pour le sport, le jeu et les loisirs. Terrains publics, patinoires, piscines, aires de jeux, pistes cyclables et parcs sont pr\u00e9sents dans la plupart d\u2019entre elles.<\/p>\n<p>De nombreux <strong>projets urbains r\u00e9cents<\/strong> t\u00e9moignent en outre d\u2019une <strong>grande cr\u00e9ativit\u00e9<\/strong>.<\/p>\n<p>Ils nous ouvrent de <strong>nouvelles perspectives<\/strong> et offrent des <strong>possibilit\u00e9s attrayantes<\/strong> pour exploiter des <strong>espaces urbains jusqu\u2019ici inexploit\u00e9s<\/strong>.<\/p>\n<p><a href=\"http:\/\/www.frankmendel.de\/wp-content\/uploads\/2015\/10\/FM_B_001.jpg\"><img loading=\"lazy\" decoding=\"async\" class=\"alignnone size-full wp-image-1100\" src=\"http:\/\/www.frankmendel.de\/wp-content\/uploads\/2015\/10\/FM_B_001.jpg\" alt=\"\" width=\"820\" height=\"461\" srcset=\"https:\/\/www.frankmendel.de\/wp-content\/uploads\/2015\/10\/FM_B_001.jpg 820w, https:\/\/www.frankmendel.de\/wp-content\/uploads\/2015\/10\/FM_B_001-300x169.jpg 300w, https:\/\/www.frankmendel.de\/wp-content\/uploads\/2015\/10\/FM_B_001-768x432.jpg 768w, https:\/\/www.frankmendel.de\/wp-content\/uploads\/2015\/10\/FM_B_001-409x230.jpg 409w, https:\/\/www.frankmendel.de\/wp-content\/uploads\/2015\/10\/FM_B_001-410x231.jpg 410w\" sizes=\"auto, (max-width: 820px) 100vw, 820px\" \/><\/a><\/p>\n<p>Par exemple, \u00e0 Toronto, le\u00a0\u00ab\u00a0<strong>Bentway\u00a0\u00bb<\/strong>\u00a0a permis de <strong>r\u00e9am\u00e9nager une friche de 1,75 km situ\u00e9e sous une voie rapide.<\/strong><\/p>\n<p><a href=\"http:\/\/www.frankmendel.de\/wp-content\/uploads\/2015\/10\/FM_UT_001.jpeg\"><img loading=\"lazy\" decoding=\"async\" class=\"alignnone size-full wp-image-1103\" src=\"http:\/\/www.frankmendel.de\/wp-content\/uploads\/2015\/10\/FM_UT_001.jpeg\" alt=\"\" width=\"640\" height=\"437\" srcset=\"https:\/\/www.frankmendel.de\/wp-content\/uploads\/2015\/10\/FM_UT_001.jpeg 640w, https:\/\/www.frankmendel.de\/wp-content\/uploads\/2015\/10\/FM_UT_001-300x205.jpeg 300w, https:\/\/www.frankmendel.de\/wp-content\/uploads\/2015\/10\/FM_UT_001-337x230.jpeg 337w, https:\/\/www.frankmendel.de\/wp-content\/uploads\/2015\/10\/FM_UT_001-410x280.jpeg 410w\" sizes=\"auto, (max-width: 640px) 100vw, 640px\" \/><\/a><\/p>\n<h3 id=\"\"><\/h3>\n<h3 id=\"urban-sports\">URBAN SPORTS.<\/h3>\n<p>Depuis quelque temps, des urbanistes innovants s\u2019int\u00e9ressent de pr\u00e8s \u00e0 <strong>des espaces urbains jusqu\u2019alors n\u00e9glig\u00e9s<\/strong>. Des activistes locaux et des entrepreneurs y voient eux aussi un nouveau potentiel.<\/p>\n<p>\u00c0 Glasgow, par exemple, un <strong>parc sportif pour les jeunes <\/strong>va \u00eatre cr\u00e9\u00e9 <strong>sous une portion de l\u2019autoroute M74.<\/strong><\/p>\n<p>Cet espace n\u2019\u00e9tait pendant longtemps qu\u2019un terrain vague \u2013 <strong>jusqu\u2019au jour o\u00f9 quelqu\u2019un y a per\u00e7u son formidable potentiel.<\/strong><\/p>\n<p>Aujourd\u2019hui, cette zone situ\u00e9e sous la M74 est en passe d\u2019\u00eatre transform\u00e9e en un <strong>espace convivial<\/strong>, <strong>d\u00e9di\u00e9 au sport urbain et aux rencontres sociales.<\/strong><\/p>\n<p>\u00c0 <strong>Brooklyn<\/strong>, dans un quartier de New York, une <strong>aire laiss\u00e9e \u00e0 l\u2019abandon<\/strong> a \u00e9t\u00e9 r\u00e9am\u00e9nag\u00e9e en\u00a0<strong>bike park<\/strong><strong>\u00a0<\/strong><strong>pour enfants.<\/strong><\/p>\n<p><a href=\"http:\/\/www.frankmendel.de\/wp-content\/uploads\/2015\/10\/FM_BBP_001.jpg\"><img loading=\"lazy\" decoding=\"async\" class=\"alignnone size-full wp-image-1101\" src=\"http:\/\/www.frankmendel.de\/wp-content\/uploads\/2015\/10\/FM_BBP_001.jpg\" alt=\"\" width=\"2048\" height=\"1366\" srcset=\"https:\/\/www.frankmendel.de\/wp-content\/uploads\/2015\/10\/FM_BBP_001.jpg 2048w, https:\/\/www.frankmendel.de\/wp-content\/uploads\/2015\/10\/FM_BBP_001-300x200.jpg 300w, https:\/\/www.frankmendel.de\/wp-content\/uploads\/2015\/10\/FM_BBP_001-768x512.jpg 768w, https:\/\/www.frankmendel.de\/wp-content\/uploads\/2015\/10\/FM_BBP_001-1024x683.jpg 1024w, https:\/\/www.frankmendel.de\/wp-content\/uploads\/2015\/10\/FM_BBP_001-345x230.jpg 345w, https:\/\/www.frankmendel.de\/wp-content\/uploads\/2015\/10\/FM_BBP_001-410x273.jpg 410w\" sizes=\"auto, (max-width: 2048px) 100vw, 2048px\" \/><\/a><\/p>\n<p>\u00c0 Mumbai, des entrepreneurs locaux ont install\u00e9 des <strong>terrains en gazon synth\u00e9tique<\/strong> sur des espaces <strong>inutilis\u00e9s<\/strong>, tirant parti de la popularit\u00e9 du football \u00e0 5 contre 5 pour en faire un v\u00e9ritable mod\u00e8le \u00e9conomique.<\/p>\n<p><a href=\"http:\/\/www.frankmendel.de\/wp-content\/uploads\/2015\/10\/FM_FB_001.jpg\"><img loading=\"lazy\" decoding=\"async\" class=\"alignnone size-full wp-image-1102\" src=\"http:\/\/www.frankmendel.de\/wp-content\/uploads\/2015\/10\/FM_FB_001.jpg\" alt=\"\" width=\"900\" height=\"600\" srcset=\"https:\/\/www.frankmendel.de\/wp-content\/uploads\/2015\/10\/FM_FB_001.jpg 900w, https:\/\/www.frankmendel.de\/wp-content\/uploads\/2015\/10\/FM_FB_001-300x200.jpg 300w, https:\/\/www.frankmendel.de\/wp-content\/uploads\/2015\/10\/FM_FB_001-768x512.jpg 768w, https:\/\/www.frankmendel.de\/wp-content\/uploads\/2015\/10\/FM_FB_001-345x230.jpg 345w, https:\/\/www.frankmendel.de\/wp-content\/uploads\/2015\/10\/FM_FB_001-410x273.jpg 410w\" sizes=\"auto, (max-width: 900px) 100vw, 900px\" \/><\/a><\/p>\n<h2 id=\"urban-gym\">URBAN GYM.<\/h2>\n<p>Les grands projets n\u00e9cessitent toujours des autorisations d\u2019urbanisme et des subventions. C\u2019est la seule mani\u00e8re de garantir leur p\u00e9rennit\u00e9. En retour, habitants et visiteurs profitent durablement de ces nouveaux am\u00e9nagements.<\/p>\n<p>Toutefois, il ne faut <strong>jamais sous-estimer<\/strong> les <strong>projets de plus petite envergure<\/strong>.<\/p>\n<p>Beaucoup s\u2019inspirent de l\u2019<strong>initiative locale<\/strong> et font preuve d\u2019une<strong> vision \u00e9tonnante<\/strong>.<\/p>\n<p>Les <strong>projets<\/strong> <strong>de type<\/strong>\u00a0<strong>Urban Gym<\/strong>, par exemple, ouvrent de <strong>nouvelles perspectives<\/strong> et r\u00e9v\u00e8lent des <strong>fa\u00e7ons cr\u00e9atives<\/strong> d\u2019exploiter l\u2019espace urbain de mani\u00e8re attrayante.<\/p>\n<h5 id=\"parkour\">PARKOUR.<\/h5>\n<p>Les grands projets n\u00e9cessitent toujours des autorisations d\u2019urbanisme et des subventions. C\u2019est la seule mani\u00e8re de garantir leur p\u00e9rennit\u00e9. En retour, habitants et visiteurs profitent durablement de ces nouveaux am\u00e9nagements.<\/p>\n<p>Toutefois, il ne faut <strong>jamais sous-estimer<\/strong> les <strong>projets de plus petite envergure<\/strong>.<\/p>\n<p>Beaucoup s\u2019inspirent de l\u2019<strong>initiative locale<\/strong> et font preuve d\u2019une<strong> vision \u00e9tonnante<\/strong>.<\/p>\n<p>Les <strong>projets<\/strong> <strong>de type<\/strong>\u00a0<strong>Urban Gym<\/strong>, par exemple, ouvrent de <strong>nouvelles perspectives<\/strong> et r\u00e9v\u00e8lent des <strong>fa\u00e7ons cr\u00e9atives<\/strong> d\u2019exploiter l\u2019espace urbain de mani\u00e8re attrayante.<\/p>\n<p><a href=\"http:\/\/www.frankmendel.de\/wp-content\/uploads\/2015\/10\/Frank_Mendel_Urbane_Entwicklung_003.jpg\"><img loading=\"lazy\" decoding=\"async\" class=\"alignnone size-full wp-image-1108\" src=\"http:\/\/www.frankmendel.de\/wp-content\/uploads\/2015\/10\/Frank_Mendel_Urbane_Entwicklung_003.jpg\" alt=\"\" width=\"1500\" height=\"894\" srcset=\"https:\/\/www.frankmendel.de\/wp-content\/uploads\/2015\/10\/Frank_Mendel_Urbane_Entwicklung_003.jpg 1500w, https:\/\/www.frankmendel.de\/wp-content\/uploads\/2015\/10\/Frank_Mendel_Urbane_Entwicklung_003-300x179.jpg 300w, https:\/\/www.frankmendel.de\/wp-content\/uploads\/2015\/10\/Frank_Mendel_Urbane_Entwicklung_003-768x458.jpg 768w, https:\/\/www.frankmendel.de\/wp-content\/uploads\/2015\/10\/Frank_Mendel_Urbane_Entwicklung_003-1024x610.jpg 1024w, https:\/\/www.frankmendel.de\/wp-content\/uploads\/2015\/10\/Frank_Mendel_Urbane_Entwicklung_003-386x230.jpg 386w, https:\/\/www.frankmendel.de\/wp-content\/uploads\/2015\/10\/Frank_Mendel_Urbane_Entwicklung_003-410x244.jpg 410w\" sizes=\"auto, (max-width: 1500px) 100vw, 1500px\" \/><\/a><\/p>\n<h5 id=\"callisthenie\">CALLISTH\u00c9NIE<\/h5>\n<p>N\u2019oublions pas la callisth\u00e9nie, mieux connue sous le nom de \u00ab street workout \u00bb : une discipline qui transforme les espaces ext\u00e9rieurs en v\u00e9ritables terrains d\u2019entra\u00eenement \u2014 et qui, une chose est s\u00fbre, est tout sauf ennuyeuse :-). \u00bb<\/p>\n<p><a href=\"http:\/\/www.frankmendel.de\/wp-content\/uploads\/2015\/10\/Frank_Mendel_Urbane_Entwicklung_002.jpg\"><img loading=\"lazy\" decoding=\"async\" class=\"alignnone size-full wp-image-1107\" src=\"http:\/\/www.frankmendel.de\/wp-content\/uploads\/2015\/10\/Frank_Mendel_Urbane_Entwicklung_002.jpg\" alt=\"\" width=\"1500\" height=\"1036\" srcset=\"https:\/\/www.frankmendel.de\/wp-content\/uploads\/2015\/10\/Frank_Mendel_Urbane_Entwicklung_002.jpg 1500w, https:\/\/www.frankmendel.de\/wp-content\/uploads\/2015\/10\/Frank_Mendel_Urbane_Entwicklung_002-300x207.jpg 300w, https:\/\/www.frankmendel.de\/wp-content\/uploads\/2015\/10\/Frank_Mendel_Urbane_Entwicklung_002-768x530.jpg 768w, https:\/\/www.frankmendel.de\/wp-content\/uploads\/2015\/10\/Frank_Mendel_Urbane_Entwicklung_002-1024x707.jpg 1024w, https:\/\/www.frankmendel.de\/wp-content\/uploads\/2015\/10\/Frank_Mendel_Urbane_Entwicklung_002-333x230.jpg 333w, https:\/\/www.frankmendel.de\/wp-content\/uploads\/2015\/10\/Frank_Mendel_Urbane_Entwicklung_002-410x283.jpg 410w\" sizes=\"auto, (max-width: 1500px) 100vw, 1500px\" \/><\/a><\/p>\n<p>Et vous, comment restez-vous en forme dans votre ville ?<\/p>\n<p>Pour ma part, je vais justement aller prendre l\u2019air et courir une petite demi-heure au parc.<\/p>\n<p>Merci beaucoup de m\u2019avoir lu. Vos avis et commentaires sont les bienvenus.<br \/>\nVous avez des souhaits, des remarques ou des questions ? Je serai ravi de vous lire \u00e0 mon tour.<\/p>\n<p>Bien \u00e0 vous,<\/p>\n<p><strong>Frank Mendel<\/strong><\/p>\n<hr \/>\n<hr \/>\n<p>Les droits d&rsquo;image de mon article de blog sur \u00ab D\u00e9veloppement urbain. Monde urbain. Pens\u00e9es&#8230; \u00bb appartiennent \u00e0 ||| Images 01, 03, 04, 10, 11: (c) copyright by shutterstock |||\u00a0 Images 02, 05: (c) copyright by Frank Mendel ||| Images 06: (c) copyright by dpa ||| Image 07: (c) copyright by urbantoronto ||| Image 08: (c) copyright by NYT ||| Image 09: (c) copyright by focus sports.","protected":false},"excerpt":{"rendered":"<p>Beaucoup de choses ont chang\u00e9 au cours des cinquante derni\u00e8res ann\u00e9es. La population mondiale ne cesse d\u2019augmenter. Mais ce n\u2019est pas seulement leur nombre qui change : leur r\u00e9partition aussi.&hellip;<\/p>\n","protected":false},"author":3,"featured_media":1106,"comment_status":"closed","ping_status":"open","sticky":false,"template":"","format":"standard","meta":{"footnotes":""},"categories":[69,68,62,12,82,34,71,70,81,56,25,11],"tags":[],"powerkit_post_featured":[],"class_list":{"0":"post-1098","1":"post","2":"type-post","3":"status-publish","4":"format-standard","5":"has-post-thumbnail","7":"category-globalisation","8":"category-globalisierung","9":"category-good-ideas","10":"category-gute-ideen","11":"category-imco-international-media-and-marketing-cooperations","12":"category-international","13":"category-internationalisation","14":"category-internationalisierung","15":"category-mobilise-the-world","16":"category-shape-the-future","17":"category-urban","18":"category-zukunft-gestalten"},"_links":{"self":[{"href":"https:\/\/www.frankmendel.de\/fr\/wp-json\/wp\/v2\/posts\/1098","targetHints":{"allow":["GET"]}}],"collection":[{"href":"https:\/\/www.frankmendel.de\/fr\/wp-json\/wp\/v2\/posts"}],"about":[{"href":"https:\/\/www.frankmendel.de\/fr\/wp-json\/wp\/v2\/types\/post"}],"author":[{"embeddable":true,"href":"https:\/\/www.frankmendel.de\/fr\/wp-json\/wp\/v2\/users\/3"}],"replies":[{"embeddable":true,"href":"https:\/\/www.frankmendel.de\/fr\/wp-json\/wp\/v2\/comments?post=1098"}],"version-history":[{"count":9,"href":"https:\/\/www.frankmendel.de\/fr\/wp-json\/wp\/v2\/posts\/1098\/revisions"}],"predecessor-version":[{"id":1473,"href":"https:\/\/www.frankmendel.de\/fr\/wp-json\/wp\/v2\/posts\/1098\/revisions\/1473"}],"wp:featuredmedia":[{"embeddable":true,"href":"https:\/\/www.frankmendel.de\/fr\/wp-json\/wp\/v2\/media\/1106"}],"wp:attachment":[{"href":"https:\/\/www.frankmendel.de\/fr\/wp-json\/wp\/v2\/media?parent=1098"}],"wp:term":[{"taxonomy":"category","embeddable":true,"href":"https:\/\/www.frankmendel.de\/fr\/wp-json\/wp\/v2\/categories?post=1098"},{"taxonomy":"post_tag","embeddable":true,"href":"https:\/\/www.frankmendel.de\/fr\/wp-json\/wp\/v2\/tags?post=1098"},{"taxonomy":"powerkit_post_featured","embeddable":true,"href":"https:\/\/www.frankmendel.de\/fr\/wp-json\/wp\/v2\/powerkit_post_featured?post=1098"}],"curies":[{"name":"wp","href":"https:\/\/api.w.org\/{rel}","templated":true}]}}