{"id":1820,"date":"2026-04-26T21:26:45","date_gmt":"2026-04-26T19:26:45","guid":{"rendered":"https:\/\/www.frankmendel.de\/?p=1820"},"modified":"2026-04-28T21:15:55","modified_gmt":"2026-04-28T19:15:55","slug":"compositore_pianista_dal_vivo_in_umbria","status":"publish","type":"post","link":"https:\/\/www.frankmendel.de\/fr\/2026\/04\/26\/compositore_pianista_dal_vivo_in_umbria\/","title":{"rendered":"Compositeur e pianiste cr\u00e9atif. Souvent en Ombrie."},"content":{"rendered":"<figure class=\"wp-block-image size-large\"><a href=\"https:\/\/www.frankmendel.de\/wp-content\/uploads\/2026\/04\/Frank_Mendel__138.webp\"><img loading=\"lazy\" decoding=\"async\" width=\"1160\" height=\"825\" src=\"https:\/\/www.frankmendel.de\/wp-content\/uploads\/2026\/04\/Frank_Mendel__138-1160x825.webp\" alt=\"\" class=\"wp-image-1821\" srcset=\"https:\/\/www.frankmendel.de\/wp-content\/uploads\/2026\/04\/Frank_Mendel__138-1160x825.webp 1160w, https:\/\/www.frankmendel.de\/wp-content\/uploads\/2026\/04\/Frank_Mendel__138-800x569.webp 800w, https:\/\/www.frankmendel.de\/wp-content\/uploads\/2026\/04\/Frank_Mendel__138-1536x1092.webp 1536w, https:\/\/www.frankmendel.de\/wp-content\/uploads\/2026\/04\/Frank_Mendel__138-120x85.webp 120w, https:\/\/www.frankmendel.de\/wp-content\/uploads\/2026\/04\/Frank_Mendel__138-90x64.webp 90w, https:\/\/www.frankmendel.de\/wp-content\/uploads\/2026\/04\/Frank_Mendel__138-320x228.webp 320w, https:\/\/www.frankmendel.de\/wp-content\/uploads\/2026\/04\/Frank_Mendel__138-560x398.webp 560w, https:\/\/www.frankmendel.de\/wp-content\/uploads\/2026\/04\/Frank_Mendel__138.webp 1775w\" sizes=\"auto, (max-width: 1160px) 100vw, 1160px\" \/><\/a><\/figure>\n\n\n\n<p>J&rsquo;adore jouer du piano, improviser en direct et composer entre genres \u00b7 Jazz \u00b7 Pop \u00b7 Classique \u00b7 Rock \u00b7 Soul \u00b7 Folk..<\/p>\n\n\n\n<p>Form\u00e9 en musique et en \u00e9conomie, j&rsquo;\u00e9volue \u00e0 l&rsquo;interface de la cr\u00e9ativit\u00e9 et du management. Mon parcours m&rsquo;a men\u00e9 des studios d&rsquo;enregistrement d&rsquo;EMI Music, o\u00f9 j&rsquo;ai travaill\u00e9 comme compositeur command\u00e9, producteur et pianiste, \u00e0 la direction d&rsquo;agences de communication renomm\u00e9es \u00e0 Berlin, Francfort et Cologne.<\/p>\n\n\n\n<figure class=\"wp-block-image size-large\"><a href=\"https:\/\/www.frankmendel.de\/wp-content\/uploads\/2026\/04\/06__Fotolia_51097667_L.webp\"><img loading=\"lazy\" decoding=\"async\" width=\"1160\" height=\"723\" src=\"https:\/\/www.frankmendel.de\/wp-content\/uploads\/2026\/04\/06__Fotolia_51097667_L-1160x723.webp\" alt=\"\" class=\"wp-image-1863\" srcset=\"https:\/\/www.frankmendel.de\/wp-content\/uploads\/2026\/04\/06__Fotolia_51097667_L-1160x723.webp 1160w, https:\/\/www.frankmendel.de\/wp-content\/uploads\/2026\/04\/06__Fotolia_51097667_L-800x498.webp 800w, https:\/\/www.frankmendel.de\/wp-content\/uploads\/2026\/04\/06__Fotolia_51097667_L-1536x957.webp 1536w, https:\/\/www.frankmendel.de\/wp-content\/uploads\/2026\/04\/06__Fotolia_51097667_L-2048x1276.webp 2048w, https:\/\/www.frankmendel.de\/wp-content\/uploads\/2026\/04\/06__Fotolia_51097667_L-120x75.webp 120w, https:\/\/www.frankmendel.de\/wp-content\/uploads\/2026\/04\/06__Fotolia_51097667_L-90x56.webp 90w, https:\/\/www.frankmendel.de\/wp-content\/uploads\/2026\/04\/06__Fotolia_51097667_L-320x199.webp 320w, https:\/\/www.frankmendel.de\/wp-content\/uploads\/2026\/04\/06__Fotolia_51097667_L-560x349.webp 560w, https:\/\/www.frankmendel.de\/wp-content\/uploads\/2026\/04\/06__Fotolia_51097667_L-1920x1196.webp 1920w, https:\/\/www.frankmendel.de\/wp-content\/uploads\/2026\/04\/06__Fotolia_51097667_L.webp 2437w\" sizes=\"auto, (max-width: 1160px) 100vw, 1160px\" \/><\/a><\/figure>\n\n\n\n<p>En tant que pianiste, j&rsquo;ai particip\u00e9 \u00e0 de nombreuses tourn\u00e9es, donnant plus de 2000 concerts sur des sc\u00e8nes en Allemagne, en France et en Belgique, ainsi qu&rsquo;\u00e0 la t\u00e9l\u00e9vision, notamment sur : ARD \u00b7 BRF \u00b7 RTL \u00b7 SWR \u00b7 WDR \u00b7 ZDF \u00b7 Konzerthaus Berlin \u00b7 Lanxess Arena Cologne \u00b7 Westfalenhalle Dortmund \u00b7 Ch\u00e2teau de Bensberg \u00b7 Le Dreher Club Paris \u00b7 Kempinski Munich.<\/p>\n\n\n\n<figure class=\"wp-block-image size-large\"><a href=\"https:\/\/www.frankmendel.de\/wp-content\/uploads\/2026\/04\/Frank_Mendel_spartiti_al_pianoforte_.webp\"><img loading=\"lazy\" decoding=\"async\" width=\"1160\" height=\"409\" src=\"https:\/\/www.frankmendel.de\/wp-content\/uploads\/2026\/04\/Frank_Mendel_spartiti_al_pianoforte_-1160x409.webp\" alt=\"\" class=\"wp-image-1823\" srcset=\"https:\/\/www.frankmendel.de\/wp-content\/uploads\/2026\/04\/Frank_Mendel_spartiti_al_pianoforte_-1160x409.webp 1160w, https:\/\/www.frankmendel.de\/wp-content\/uploads\/2026\/04\/Frank_Mendel_spartiti_al_pianoforte_-800x282.webp 800w, https:\/\/www.frankmendel.de\/wp-content\/uploads\/2026\/04\/Frank_Mendel_spartiti_al_pianoforte_-1536x542.webp 1536w, https:\/\/www.frankmendel.de\/wp-content\/uploads\/2026\/04\/Frank_Mendel_spartiti_al_pianoforte_-2048x723.webp 2048w, https:\/\/www.frankmendel.de\/wp-content\/uploads\/2026\/04\/Frank_Mendel_spartiti_al_pianoforte_-120x42.webp 120w, https:\/\/www.frankmendel.de\/wp-content\/uploads\/2026\/04\/Frank_Mendel_spartiti_al_pianoforte_-90x32.webp 90w, https:\/\/www.frankmendel.de\/wp-content\/uploads\/2026\/04\/Frank_Mendel_spartiti_al_pianoforte_-320x113.webp 320w, https:\/\/www.frankmendel.de\/wp-content\/uploads\/2026\/04\/Frank_Mendel_spartiti_al_pianoforte_-560x198.webp 560w, https:\/\/www.frankmendel.de\/wp-content\/uploads\/2026\/04\/Frank_Mendel_spartiti_al_pianoforte_-1920x677.webp 1920w, https:\/\/www.frankmendel.de\/wp-content\/uploads\/2026\/04\/Frank_Mendel_spartiti_al_pianoforte_.webp 2500w\" sizes=\"auto, (max-width: 1160px) 100vw, 1160px\" \/><\/a><\/figure>\n\n\n\n<p>Un vaste r\u00e9pertoire musical. Des prestations uniques. La joie de vivre. Le plaisir. L&rsquo;\u00e9nergie des \u00e9motions.<\/p>\n\n\n\n<figure class=\"wp-block-image size-large\"><a href=\"https:\/\/www.frankmendel.de\/wp-content\/uploads\/2026\/04\/04_FrankMendel_2016-03_117-Copia.png\"><img loading=\"lazy\" decoding=\"async\" width=\"1160\" height=\"367\" src=\"https:\/\/www.frankmendel.de\/wp-content\/uploads\/2026\/04\/04_FrankMendel_2016-03_117-Copia-1160x367.png\" alt=\"\" class=\"wp-image-1915\" srcset=\"https:\/\/www.frankmendel.de\/wp-content\/uploads\/2026\/04\/04_FrankMendel_2016-03_117-Copia-1160x367.png 1160w, https:\/\/www.frankmendel.de\/wp-content\/uploads\/2026\/04\/04_FrankMendel_2016-03_117-Copia-800x253.png 800w, https:\/\/www.frankmendel.de\/wp-content\/uploads\/2026\/04\/04_FrankMendel_2016-03_117-Copia-1536x485.png 1536w, https:\/\/www.frankmendel.de\/wp-content\/uploads\/2026\/04\/04_FrankMendel_2016-03_117-Copia-120x38.png 120w, https:\/\/www.frankmendel.de\/wp-content\/uploads\/2026\/04\/04_FrankMendel_2016-03_117-Copia-90x28.png 90w, https:\/\/www.frankmendel.de\/wp-content\/uploads\/2026\/04\/04_FrankMendel_2016-03_117-Copia-320x101.png 320w, https:\/\/www.frankmendel.de\/wp-content\/uploads\/2026\/04\/04_FrankMendel_2016-03_117-Copia-560x177.png 560w, https:\/\/www.frankmendel.de\/wp-content\/uploads\/2026\/04\/04_FrankMendel_2016-03_117-Copia-1920x607.png 1920w, https:\/\/www.frankmendel.de\/wp-content\/uploads\/2026\/04\/04_FrankMendel_2016-03_117-Copia.png 1930w\" sizes=\"auto, (max-width: 1160px) 100vw, 1160px\" \/><\/a><\/figure>\n\n\n\n<p>Je suis actuellement un retrait\u00e9 actif et j&rsquo;apporte mon aide \u00e0 ma famille.<\/p>","protected":false},"excerpt":{"rendered":"<p>J&rsquo;adore jouer du piano, improviser en direct et composer entre genres \u00b7 Jazz \u00b7 Pop \u00b7 Classique \u00b7 Rock \u00b7 Soul \u00b7 Folk.. Form\u00e9 en musique et en \u00e9conomie, j&rsquo;\u00e9volue&hellip;<\/p>\n","protected":false},"author":3,"featured_media":1857,"comment_status":"closed","ping_status":"open","sticky":false,"template":"","format":"standard","meta":{"footnotes":""},"categories":[63,117,51,125,6,136,62,12,66,23,33,40,22,11],"tags":[84,96,137,60,18],"powerkit_post_featured":[],"class_list":{"0":"post-1820","1":"post","2":"type-post","3":"status-publish","4":"format-standard","5":"has-post-thumbnail","7":"category-communication","8":"category-enthousiasme","9":"category-events-bewegen","10":"category-faconner-lavenir","11":"category-frank-mendel","12":"category-gioia-di-vivere","13":"category-good-ideas","14":"category-gute-ideen","15":"category-joie-de-vivre","16":"category-kommunikation","17":"category-lebensfreude","18":"category-live-communication","19":"category-marketing","20":"category-zukunft-gestalten","21":"tag-entusiasmo","22":"tag-futuro","23":"tag-pianista-dal-vivo-in-umbria","24":"tag-shape-the-future","25":"tag-zukunft"},"_links":{"self":[{"href":"https:\/\/www.frankmendel.de\/fr\/wp-json\/wp\/v2\/posts\/1820","targetHints":{"allow":["GET"]}}],"collection":[{"href":"https:\/\/www.frankmendel.de\/fr\/wp-json\/wp\/v2\/posts"}],"about":[{"href":"https:\/\/www.frankmendel.de\/fr\/wp-json\/wp\/v2\/types\/post"}],"author":[{"embeddable":true,"href":"https:\/\/www.frankmendel.de\/fr\/wp-json\/wp\/v2\/users\/3"}],"replies":[{"embeddable":true,"href":"https:\/\/www.frankmendel.de\/fr\/wp-json\/wp\/v2\/comments?post=1820"}],"version-history":[{"count":10,"href":"https:\/\/www.frankmendel.de\/fr\/wp-json\/wp\/v2\/posts\/1820\/revisions"}],"predecessor-version":[{"id":1954,"href":"https:\/\/www.frankmendel.de\/fr\/wp-json\/wp\/v2\/posts\/1820\/revisions\/1954"}],"wp:featuredmedia":[{"embeddable":true,"href":"https:\/\/www.frankmendel.de\/fr\/wp-json\/wp\/v2\/media\/1857"}],"wp:attachment":[{"href":"https:\/\/www.frankmendel.de\/fr\/wp-json\/wp\/v2\/media?parent=1820"}],"wp:term":[{"taxonomy":"category","embeddable":true,"href":"https:\/\/www.frankmendel.de\/fr\/wp-json\/wp\/v2\/categories?post=1820"},{"taxonomy":"post_tag","embeddable":true,"href":"https:\/\/www.frankmendel.de\/fr\/wp-json\/wp\/v2\/tags?post=1820"},{"taxonomy":"powerkit_post_featured","embeddable":true,"href":"https:\/\/www.frankmendel.de\/fr\/wp-json\/wp\/v2\/powerkit_post_featured?post=1820"}],"curies":[{"name":"wp","href":"https:\/\/api.w.org\/{rel}","templated":true}]}}