{"id":319,"date":"2025-06-10T01:22:15","date_gmt":"2025-06-09T23:22:15","guid":{"rendered":"http:\/\/www.frankmendel.de\/?p=319"},"modified":"2025-10-24T20:54:08","modified_gmt":"2025-10-24T18:54:08","slug":"welche-staedte-machen-gluecklich","status":"publish","type":"post","link":"https:\/\/www.frankmendel.de\/fr\/2025\/06\/10\/welche-staedte-machen-gluecklich\/","title":{"rendered":"QUELLES VILLES RENDENT HEUREUX ?"},"content":{"rendered":"<h1 id=\"quest-ce-que-la-joie-de-vivre-urbaine\">QU\u2019EST-CE QUE LA JOIE DE VIVRE URBAINE ?<\/h1>\n<p><strong>Est-ce l\u2019internationalit\u00e9 \u2219 Les opportunit\u00e9s professionnelles \u2219 Les perspectives pour la famille \u2219 Le sport \u2219 La culture \u2219 Le divertissement \u2219 Le plaisir \u2219 L\u2019\u00e9ducation \u2219 La mobilit\u00e9 ?<\/strong><\/p>\n<p>Dans ma vie, j\u2019ai souvent d\u00e9m\u00e9nag\u00e9. J\u2019ai eu la chance de d\u00e9couvrir diff\u00e9rentes villes, pays, personnes et cultures. Pour toutes ces exp\u00e9riences, je remercie ma famille, mes amis et bien s\u00fbr mes employeurs, mes clients, mes partenaires de coop\u00e9ration et mes coll\u00e8gues. Travailler avec eux, r\u00e9fl\u00e9chir, concevoir, planifier, r\u00e9aliser, apprendre et vivre ensemble\u2026 c\u2019est tout simplement merveilleux.<\/p>\n<p>Concernant le th\u00e8me \u00ab Habiter et vivre \u00bb, j\u2019ai d\u00e9sormais pris une d\u00e9cision personnelle importante\u00a0: :<\/p>\n<p><strong>Je pr\u00e9f\u00e8re de loin habiter en plein centre-ville.<\/strong><\/p>\n<p>C\u2019est ce qui me pla\u00eet. \u00catre au c\u0153ur de la vie. J\u2019aime la diversit\u00e9. La richesse des contrastes.<\/p>\n<p>Bien s\u00fbr, les villes ne sont pas belles partout. Il existe aussi des quartiers bruyants, sales, dangereux, tapageurs. Mais les villes nous montrent des possibles. Elles offrent des points de vue. Elles rassemblent des gens tr\u00e8s diff\u00e9rents. Et \u00e7a me fait du bien. \u00c7a me rend heureux.<\/p>\n<p>Dans les grands domaines de la\u00a0\u00ab\u00a0<strong>ville\u00a0\u00bb<\/strong>\u00a0et de la\u00a0\u00ab\u00a0<strong>vie urbaine\u00a0\u00bb<\/strong>, je cherche depuis longtemps des <strong>r\u00e9ponses claires \u00e0 trois questions essentielles<\/strong>, notamment au regard des <strong>succ\u00e8s futurs<\/strong> que pourront g\u00e9n\u00e9rer des <strong>solutions performantes de marketing territorial international<\/strong> et des <strong>projets solides de marketing urbain<\/strong>\u2026<\/p>\n<h4 id=\"quelles-villes-nous-rendent-vraiment-heureux\"><strong>QUELLES VILLES NOUS RENDENT VRAIMENT HEUREUX.<\/strong><\/h4>\n<h4 id=\"peut-on-mesurer-la-joie-de-vivre-urbaine\"><strong>PEUT-ON MESURER LA JOIE DE VIVRE URBAINE ?<\/strong><\/h4>\n<h4 id=\"quelle-est-lame-de-ma-ville\"><strong>QUELLE EST L\u2019\u00c2ME DE MA VILLE ?<\/strong><\/h4>\n<p>Il y a peu, une \u00e9quipe du prestigieux\u00a0<strong>rheingold Institut de Cologne<\/strong>\u00a0a \u00e9tudi\u00e9 en profondeur ces trois questions dans le cadre d\u2019une passionnante enqu\u00eate europ\u00e9enne, command\u00e9e par le constructeur automobile <strong>Daimler<\/strong>.<a href=\"http:\/\/www.frankmendel.de\/wp-content\/uploads\/2015\/11\/02_Bild_848_398.jpg\"><img loading=\"lazy\" decoding=\"async\" class=\"aligncenter wp-image-321 size-full\" src=\"http:\/\/www.frankmendel.de\/wp-content\/uploads\/2015\/11\/02_Bild_848_398.jpg\" alt=\"\" width=\"848\" height=\"398\" srcset=\"https:\/\/www.frankmendel.de\/wp-content\/uploads\/2015\/11\/02_Bild_848_398.jpg 848w, https:\/\/www.frankmendel.de\/wp-content\/uploads\/2015\/11\/02_Bild_848_398-300x141.jpg 300w, https:\/\/www.frankmendel.de\/wp-content\/uploads\/2015\/11\/02_Bild_848_398-490x230.jpg 490w, https:\/\/www.frankmendel.de\/wp-content\/uploads\/2015\/11\/02_Bild_848_398-410x192.jpg 410w\" sizes=\"auto, (max-width: 848px) 100vw, 848px\" \/><\/a><\/p>\n<p>Pour se faire une id\u00e9e pr\u00e9cise, les chercheurs ont interrog\u00e9 <strong>100 habitants<\/strong> dans chacune de <strong>31 grandes et petites villes europ\u00e9ennes<\/strong>. Les questions portaient sur <strong>six domaines cl\u00e9s<\/strong>. L\u2019objectif : dresser le portrait le plus fid\u00e8le possible de la\u00a0<strong>JOIE DE VIVRE URBAINE<\/strong>.<\/p>\n<p>Au total, plus de <strong>3 000 habitants<\/strong> issus de <strong>dix pays europ\u00e9ens<\/strong> ont \u00e9t\u00e9 interrog\u00e9s.<br \/>\n\u00c0 partir des entretiens et des sondages, l\u2019\u00e9quipe a \u00e9tabli un classement, d\u00e9signant les <strong>villes \u00ab\u00a0gagnantes \u00bb<\/strong>, celles o\u00f9 les habitants se d\u00e9clarent\u00a0<strong>particuli\u00e8rement heureux<\/strong>.<\/p>\n<p>En Italie, les habitants de <strong>Turin, Rome, Milan<\/strong> et <strong>Naples<\/strong> ont donn\u00e9 leur avis. En Allemagne, ceux de <strong>Francfort<\/strong>, <strong>Berlin, Munich, Hambourg <\/strong>et<strong> Cologne<\/strong>. En Espagne, <strong>Valence, Barcelone, Madrid <\/strong>et<strong> S\u00e9ville<\/strong> ont \u00e9t\u00e9 sond\u00e9es. Et en France, des citoyens de <strong>Lyon, Paris, Bordeaux <\/strong>et<strong> Marseille <\/strong>ont partag\u00e9 leur perception de leur ville\u2026<\/p>\n<p><a href=\"http:\/\/www.frankmendel.de\/wp-content\/uploads\/2015\/11\/03_Bild_824_464.jpg\"><img loading=\"lazy\" decoding=\"async\" class=\"alignleft wp-image-322 size-full\" src=\"http:\/\/www.frankmendel.de\/wp-content\/uploads\/2015\/11\/03_Bild_824_464.jpg\" alt=\"\" width=\"824\" height=\"464\" srcset=\"https:\/\/www.frankmendel.de\/wp-content\/uploads\/2015\/11\/03_Bild_824_464.jpg 824w, https:\/\/www.frankmendel.de\/wp-content\/uploads\/2015\/11\/03_Bild_824_464-300x169.jpg 300w, https:\/\/www.frankmendel.de\/wp-content\/uploads\/2015\/11\/03_Bild_824_464-408x230.jpg 408w, https:\/\/www.frankmendel.de\/wp-content\/uploads\/2015\/11\/03_Bild_824_464-410x231.jpg 410w\" sizes=\"auto, (max-width: 824px) 100vw, 824px\" \/><\/a><\/p>\n<p>La\u00a0<strong>JOIE DE VIVRE URBAINE<\/strong>\u00a0a \u00e9t\u00e9 <strong>mesur\u00e9e<\/strong> \u00e0 travers <strong>six facteurs<\/strong> qui d\u00e9finissent le sentiment de vie en ville : <strong>\u00ab La vision d\u2019ensemble \u00bb<\/strong>, <strong>\u00ab La richesse des contrastes \u00bb<\/strong>, <strong>\u00ab L\u2019effervescence enivrante \u00bb<\/strong>, <strong>\u00ab Le sentiment de village \u00bb<\/strong>, <strong>\u00ab Une infrastructure \u00e9tendue\u00a0\u00bb<\/strong>, <strong>\u00ab Le renouveau permanent \u00bb<\/strong><\/p>\n<p>Ces six dimensions influencent le niveau de <strong>bien-\u00eatre ressenti dans nos villes<\/strong> et forment la base de l\u2019<strong>URBAN JOY INDEX<\/strong>. Dans le m\u00eame temps, nous, citadins, percevons aussi ces facteurs comme autant de\u00a0<strong>d\u00e9fis quotidiens<\/strong>.<\/p>\n<p>La\u00a0<strong>V\u00c9RITABLE JOIE DE VIVRE URBAINE<\/strong>\u00a0se manifeste lorsque nous parvenons \u00e0 <strong>\u00e9quilibrer ces six aspects dans notre vie de tous les jours<\/strong>.<\/p>\n<p><a href=\"http:\/\/www.frankmendel.de\/wp-content\/uploads\/2015\/11\/04_Bild_1031_752.jpg\"><img loading=\"lazy\" decoding=\"async\" class=\"alignleft wp-image-323\" src=\"http:\/\/www.frankmendel.de\/wp-content\/uploads\/2015\/11\/04_Bild_1031_752-300x219.jpg\" alt=\"\" width=\"300\" height=\"219\" srcset=\"https:\/\/www.frankmendel.de\/wp-content\/uploads\/2015\/11\/04_Bild_1031_752-300x219.jpg 300w, https:\/\/www.frankmendel.de\/wp-content\/uploads\/2015\/11\/04_Bild_1031_752-1024x747.jpg 1024w, https:\/\/www.frankmendel.de\/wp-content\/uploads\/2015\/11\/04_Bild_1031_752-315x230.jpg 315w, https:\/\/www.frankmendel.de\/wp-content\/uploads\/2015\/11\/04_Bild_1031_752-410x299.jpg 410w, https:\/\/www.frankmendel.de\/wp-content\/uploads\/2015\/11\/04_Bild_1031_752.jpg 1031w\" sizes=\"auto, (max-width: 300px) 100vw, 300px\" \/><\/a><\/p>\n<p>Par exemple, dans la cat\u00e9gorie\u00a0<strong>\u00ab La vision d\u2019ensemble \u00bb<\/strong>, on demande aux habitants s\u2019ils sont d\u2019accord avec certaines affirmations, comme\u00a0:<\/p>\n<p><strong>\u00ab\u00a0Des \u00e9v\u00e9nements politiques, culturels et soci\u00e9taux importants ont lieu dans ma ville. \u00bb<\/strong><\/p>\n<p>Ou encore : s\u2019ils estiment que leur ville est<strong> suffisamment \u00ab internationale \u00bb et \u00ab\u00a0diversifi\u00e9e\u00a0\u00bb.<\/strong><\/p>\n<p>Les\u00a0<strong>c\u00f4t\u00e9s sombres des grandes villes<\/strong>\u00a0sont \u00e9galement pris en compte dans l\u2019\u00e9valuation de la\u00a0<strong>JOIE DE VIVRE URBAINE<\/strong>. Par exemple, \u00e0 travers des questions sur la\u00a0<strong>hausse des loyers<\/strong>\u00a0ou le\u00a0<strong>niveau \u00e9lev\u00e9 des prix<\/strong>.<\/p>\n<p>\u00c0 partir de l\u2019ensemble des r\u00e9ponses, chaque ville se voit attribuer une note individuelle de\u00a0<strong>JOIE DE VIVRE URBAINE <\/strong>: <strong>l\u2019URBAN JOY INDEX<\/strong>. Chaque ville peut y obtenir <strong>un maximum de<\/strong><strong>\u00a0<\/strong><strong>100 points<\/strong>.<\/p>\n<p><a href=\"http:\/\/www.frankmendel.de\/wp-content\/uploads\/2015\/11\/05_Bild_931_543.jpg\"><img loading=\"lazy\" decoding=\"async\" class=\"alignleft wp-image-324 size-full\" src=\"http:\/\/www.frankmendel.de\/wp-content\/uploads\/2015\/11\/05_Bild_931_543.jpg\" alt=\"\" width=\"931\" height=\"543\" srcset=\"https:\/\/www.frankmendel.de\/wp-content\/uploads\/2015\/11\/05_Bild_931_543.jpg 931w, https:\/\/www.frankmendel.de\/wp-content\/uploads\/2015\/11\/05_Bild_931_543-300x175.jpg 300w, https:\/\/www.frankmendel.de\/wp-content\/uploads\/2015\/11\/05_Bild_931_543-394x230.jpg 394w, https:\/\/www.frankmendel.de\/wp-content\/uploads\/2015\/11\/05_Bild_931_543-410x239.jpg 410w\" sizes=\"auto, (max-width: 931px) 100vw, 931px\" \/><\/a>Bonne nouvelle du point de vue allemand : d\u2019apr\u00e8s les r\u00e9sultats, l\u2019Allemagne d\u00e9croche la premi\u00e8re place parmi les dix pays europ\u00e9ens participants. Les cinq villes allemandes interrog\u00e9es obtiennent toutes des scores \u00e9lev\u00e9s \u00e0 moyens et affichent ensemble une moyenne de\u00a0<strong>75,16 sur 100 points possibles<\/strong><strong>. <\/strong>Cela dit, il est \u00e9videmment possible de \u00ab vivre plus que bien \u00bb dans d\u2019autres pays aussi&#8230;<\/p>\n<p><a href=\"http:\/\/www.frankmendel.de\/wp-content\/uploads\/2015\/11\/06_Bild_849_339.jpg\"><img loading=\"lazy\" decoding=\"async\" class=\"alignnone wp-image-325 size-full\" src=\"http:\/\/www.frankmendel.de\/wp-content\/uploads\/2015\/11\/06_Bild_849_339.jpg\" alt=\"\" width=\"849\" height=\"339\" srcset=\"https:\/\/www.frankmendel.de\/wp-content\/uploads\/2015\/11\/06_Bild_849_339.jpg 849w, https:\/\/www.frankmendel.de\/wp-content\/uploads\/2015\/11\/06_Bild_849_339-300x120.jpg 300w, https:\/\/www.frankmendel.de\/wp-content\/uploads\/2015\/11\/06_Bild_849_339-576x230.jpg 576w, https:\/\/www.frankmendel.de\/wp-content\/uploads\/2015\/11\/06_Bild_849_339-410x164.jpg 410w\" sizes=\"auto, (max-width: 849px) 100vw, 849px\" \/><\/a><\/p>\n<p>Il y a toutefois une derni\u00e8re du classement : MARSEILLE. La cit\u00e9 portuaire fran\u00e7aise n\u2019atteint malheureusement qu\u2019un score de 58 en mati\u00e8re de JOIE DE VIVRE URBAINE, ce qui la place au dernier rang des 31 villes europ\u00e9ennes sond\u00e9es. Pr\u00e8s d\u2019un habitant sur deux d\u00e9clare : \u00ab \u00c0 long terme, je ne souhaite pas rester vivre \u00e0 MARSEILLE \u00bb (44 %). Les r\u00e9ponses sont \u00e9galement peu favorables \u00e0 d\u2019autres affirmations, comme : \u00ab J\u2019aime vivre dans ma ville et je ne peux pas m\u2019imaginer vivre ailleurs \u00bb (seulement 47 %). Ou encore : \u00ab Je suis fier d\u2019\u00eatre habitant de ma ville \u00bb (seulement 59 %).<\/p>\n<p><a href=\"http:\/\/www.frankmendel.de\/wp-content\/uploads\/2015\/11\/07_Bild_939_361.jpg\"><img loading=\"lazy\" decoding=\"async\" class=\"alignleft wp-image-326 size-full\" src=\"http:\/\/www.frankmendel.de\/wp-content\/uploads\/2015\/11\/07_Bild_939_361.jpg\" alt=\"\" width=\"939\" height=\"361\" srcset=\"https:\/\/www.frankmendel.de\/wp-content\/uploads\/2015\/11\/07_Bild_939_361.jpg 939w, https:\/\/www.frankmendel.de\/wp-content\/uploads\/2015\/11\/07_Bild_939_361-300x115.jpg 300w, https:\/\/www.frankmendel.de\/wp-content\/uploads\/2015\/11\/07_Bild_939_361-598x230.jpg 598w, https:\/\/www.frankmendel.de\/wp-content\/uploads\/2015\/11\/07_Bild_939_361-410x158.jpg 410w\" sizes=\"auto, (max-width: 939px) 100vw, 939px\" \/><\/a>Je l\u2019avoue : j\u2019ai toujours \u00e9t\u00e9 un grand passionn\u00e9 de l\u2019Italie. C\u2019est pourquoi je suis surpris de voir que deux grandes m\u00e9tropoles italiennes,\u00a0<strong>MILAN<\/strong>\u00a0et\u00a0<strong>NAPLES<\/strong>, se retrouvent \u00e9galement en bas du classement \u2014 aux 29e et 30e places. Le pauvre sud de l\u2019Italie ne fait donc pas tellement mieux que le riche nord dans ce palmar\u00e8s. <strong>NAPLES<\/strong>\u00a0obtient un total de\u00a0<strong>62 points<\/strong>\u00a0dans l\u2019<strong>URBAN JOY INDEX<\/strong>. Seuls\u00a0<strong>64 %<\/strong>\u00a0des habitants interrog\u00e9s trouvent la ville attractive. Pr\u00e8s de la moiti\u00e9 \u00ab\u00a0envisagent m\u00eame de quitter leur ville \u00e0 moyen terme\u00a0\u00bb. Au moins, NAPLES marque des points aupr\u00e8s de\u00a0<strong>80 % de ses habitants gr\u00e2ce \u00e0 \u00ab\u00a0sa sc\u00e8ne culturelle alternative\u00a0\u00bb<\/strong><strong>.<\/strong><\/p>\n<p><a href=\"http:\/\/www.frankmendel.de\/wp-content\/uploads\/2015\/11\/08_Bild_856_521.jpg\"><img loading=\"lazy\" decoding=\"async\" class=\"alignnone wp-image-327 size-full\" src=\"http:\/\/www.frankmendel.de\/wp-content\/uploads\/2015\/11\/08_Bild_856_521.jpg\" alt=\"\" width=\"856\" height=\"521\" srcset=\"https:\/\/www.frankmendel.de\/wp-content\/uploads\/2015\/11\/08_Bild_856_521.jpg 856w, https:\/\/www.frankmendel.de\/wp-content\/uploads\/2015\/11\/08_Bild_856_521-300x183.jpg 300w, https:\/\/www.frankmendel.de\/wp-content\/uploads\/2015\/11\/08_Bild_856_521-378x230.jpg 378w, https:\/\/www.frankmendel.de\/wp-content\/uploads\/2015\/11\/08_Bild_856_521-410x250.jpg 410w\" sizes=\"auto, (max-width: 856px) 100vw, 856px\" \/><\/a><\/p>\n<p>Pour\u00a0<strong>90 % de ses habitants<\/strong><strong>,<\/strong><strong>\u00a0<\/strong><strong>MILAN<\/strong>\u00a0est \u00ab un centre important pour la politique, la culture et la mode \u00bb. Ce chiffre est m\u00eame plus \u00e9lev\u00e9 que celui relev\u00e9 aupr\u00e8s des habitants de la capitale italienne,\u00a0<strong>ROME<\/strong>. Par ailleurs, 88 % des MILANAIS consid\u00e8rent leur ville comme \u00ab la capitale de la mode et des tendances \u00bb. Mais plus de 81 % estiment que MILAN est \u00ab\u00a0beaucoup trop ch\u00e8re \u00bb. Selon eux, \u00ab il faut toujours se battre pour s\u2019en sortir \u00bb, ce qui rend de nombreux habitants\u00a0<strong>insatisfaits<\/strong>.<\/p>\n<p><a href=\"http:\/\/www.frankmendel.de\/wp-content\/uploads\/2015\/11\/09_Bild_849_451.jpg\"><img loading=\"lazy\" decoding=\"async\" class=\"alignnone wp-image-328 size-full\" src=\"http:\/\/www.frankmendel.de\/wp-content\/uploads\/2015\/11\/09_Bild_849_451.jpg\" alt=\"\" width=\"849\" height=\"451\" srcset=\"https:\/\/www.frankmendel.de\/wp-content\/uploads\/2015\/11\/09_Bild_849_451.jpg 849w, https:\/\/www.frankmendel.de\/wp-content\/uploads\/2015\/11\/09_Bild_849_451-300x159.jpg 300w, https:\/\/www.frankmendel.de\/wp-content\/uploads\/2015\/11\/09_Bild_849_451-433x230.jpg 433w, https:\/\/www.frankmendel.de\/wp-content\/uploads\/2015\/11\/09_Bild_849_451-410x218.jpg 410w\" sizes=\"auto, (max-width: 849px) 100vw, 849px\" \/><\/a><\/p>\n<p>De mani\u00e8re surprenante,\u00a0BRUXELLES\u00a0figure elle aussi en bas de classement, \u00e0 la 28e place sur les 31 villes europ\u00e9ennes \u00e9tudi\u00e9es. \u00c0 premi\u00e8re vue, ce mauvais r\u00e9sultat \u00e9tonne. Mais en y regardant de plus pr\u00e8s, il devient plus compr\u00e9hensible. Chez de nombreux habitants de Bruxelles, le r\u00f4le central de la ville dans la politique europ\u00e9enne n\u2019est pas per\u00e7u positivement. Certes, des d\u00e9cisions de l\u2019UE sont prises \u00e0 BRUXELLES, mais seuls 47 % des habitants d\u00e9clarent\u00a0: \u00ab Je me sens partie prenante d\u2019un grand ensemble. \u00bb Et seulement 70 % affirment : \u00ab Ma ville est un lieu o\u00f9 se d\u00e9roulent des \u00e9v\u00e9nements politiques et culturels importants. \u00bb Quant \u00e0 \u00ab la renomm\u00e9e internationale de leur ville \u00bb, beaucoup la jugent \u00ab tr\u00e8s faible \u00bb. Peut-\u00eatre parce qu\u2019il est devenu courant, dans d\u2019autres pays, de critiquer publiquement et bruyamment la capitale belge.<\/p>\n<p><a href=\"http:\/\/www.frankmendel.de\/wp-content\/uploads\/2015\/11\/10_Bild_838_551.jpg\"><img loading=\"lazy\" decoding=\"async\" class=\"alignnone wp-image-329 size-full\" src=\"http:\/\/www.frankmendel.de\/wp-content\/uploads\/2015\/11\/10_Bild_838_551.jpg\" alt=\"\" width=\"838\" height=\"551\" srcset=\"https:\/\/www.frankmendel.de\/wp-content\/uploads\/2015\/11\/10_Bild_838_551.jpg 838w, https:\/\/www.frankmendel.de\/wp-content\/uploads\/2015\/11\/10_Bild_838_551-300x197.jpg 300w, https:\/\/www.frankmendel.de\/wp-content\/uploads\/2015\/11\/10_Bild_838_551-350x230.jpg 350w, https:\/\/www.frankmendel.de\/wp-content\/uploads\/2015\/11\/10_Bild_838_551-410x270.jpg 410w\" sizes=\"auto, (max-width: 838px) 100vw, 838px\" \/><\/a><\/p>\n<p><strong>LONDRES<\/strong>, capitale du Royaume-Uni, n\u2019obtient pas non plus un bon r\u00e9sultat : elle se classe seulement 26e, avec un\u00a0<strong>URBAN JOY INDEX<\/strong>\u00a0de 70 points. Les habitants d\u2019autres villes britanniques se d\u00e9clarent nettement plus satisfaits. \u00c0 MANCHESTER et \u00e0 GLASGOW, par exemple, l\u2019URBAN JOY INDEX atteint respectivement 74 et 73 points. Les LONDONIENS appr\u00e9cient l\u2019offre politique et culturelle de leur ville. Mais 61 % se disent fortement pr\u00e9occup\u00e9s par la criminalit\u00e9. 92 % affirment : \u00ab Ma ville est devenue extr\u00eamement ch\u00e8re. \u00bb Et 79 % d\u00e9clarent : \u00ab Je n\u2019ai pas les moyens de me loger dans ma ville. \u00bb Ce ne sont donc pas seulement les loyers excessifs qui p\u00e8sent lourd, mais aussi l\u2019\u00ab anonymat \u00bb d\u2019une tr\u00e8s grande m\u00e9tropole. Pr\u00e8s de la moiti\u00e9 des LONDONIENS interrog\u00e9s confient : \u00ab Les contacts familiaux me manquent. \u00bb<\/p>\n<p><a href=\"http:\/\/www.frankmendel.de\/wp-content\/uploads\/2015\/11\/11_Bild_1293_371.jpg\"><img loading=\"lazy\" decoding=\"async\" class=\"alignleft wp-image-330 size-full\" src=\"http:\/\/www.frankmendel.de\/wp-content\/uploads\/2015\/11\/11_Bild_1293_371.jpg\" alt=\"\" width=\"1293\" height=\"371\" srcset=\"https:\/\/www.frankmendel.de\/wp-content\/uploads\/2015\/11\/11_Bild_1293_371.jpg 1293w, https:\/\/www.frankmendel.de\/wp-content\/uploads\/2015\/11\/11_Bild_1293_371-300x86.jpg 300w, https:\/\/www.frankmendel.de\/wp-content\/uploads\/2015\/11\/11_Bild_1293_371-1024x294.jpg 1024w, https:\/\/www.frankmendel.de\/wp-content\/uploads\/2015\/11\/11_Bild_1293_371-610x175.jpg 610w, https:\/\/www.frankmendel.de\/wp-content\/uploads\/2015\/11\/11_Bild_1293_371-410x118.jpg 410w\" sizes=\"auto, (max-width: 1293px) 100vw, 1293px\" \/><\/a><\/p>\n<p>Les cinq villes allemandes \u00e9tudi\u00e9es affichent toutes de bons r\u00e9sultats en mati\u00e8re de\u00a0<strong>JOIE DE VIVRE URBAINE<\/strong>, ce qui tire la moyenne nationale vers le haut. Toutefois,\u00a0<strong>FRANCFORT<\/strong>\u00a0(15e) et\u00a0<strong>BERLIN<\/strong>\u00a0(13e) ne se situent, \u00e0 l\u2019\u00e9chelle europ\u00e9enne, qu\u2019au milieu du classement. Pour ce qui est de FRANCFORT, la plupart de ses habitants affirment : \u00ab Ma ville est rude et difficile. \u00bb Mais 81 % reconnaissent aussi qu\u2019elle offre \u00ab\u00a0de bonnes perspectives de carri\u00e8re \u00bb. De nombreux habitants puisent par ailleurs \u00ab de la force dans l\u2019atmosph\u00e8re internationale de leur ville \u00bb. Enfin, 89 % des FRANCFORTOIS estiment : \u00ab Ma ville est une m\u00e9tropole cosmopolite et mondialement reconnue. \u00bb<\/p>\n<p>C\u2019est moins le cas \u00e0\u00a0<strong>BERLIN<\/strong>\u00a0: seuls 84 % des habitants disent la m\u00eame chose de \u00ab leur ville \u00bb. Certes, presque tous les BERLINOIS se d\u00e9clarent \u00ab satisfaits de l\u2019offre politique et culturelle \u00bb. Mais seulement 60 % se consid\u00e8rent \u00ab comme partie prenante de la sph\u00e8re capitale \u00bb. Certains la per\u00e7oivent m\u00eame comme un \u00ab monde parall\u00e8le \u00bb. Et seuls 58 % des BERLINOIS affirment : \u00ab Je peux faire carri\u00e8re dans ma ville. \u00bb<\/p>\n<p>Sur le \u00ab podium \u00bb europ\u00e9en figurent trois villes dont l\u2019excellent classement \u2014 \u00e0 une exception pr\u00e8s \u2014 correspondait aux attentes des experts.<\/p>\n<p><a href=\"http:\/\/www.frankmendel.de\/wp-content\/uploads\/2015\/11\/12_Bild_1200_400.jpg\"><img loading=\"lazy\" decoding=\"async\" class=\"alignleft wp-image-331 size-full\" src=\"http:\/\/www.frankmendel.de\/wp-content\/uploads\/2015\/11\/12_Bild_1200_400.jpg\" alt=\"\" width=\"1200\" height=\"400\" srcset=\"https:\/\/www.frankmendel.de\/wp-content\/uploads\/2015\/11\/12_Bild_1200_400.jpg 1200w, https:\/\/www.frankmendel.de\/wp-content\/uploads\/2015\/11\/12_Bild_1200_400-300x100.jpg 300w, https:\/\/www.frankmendel.de\/wp-content\/uploads\/2015\/11\/12_Bild_1200_400-1024x341.jpg 1024w, https:\/\/www.frankmendel.de\/wp-content\/uploads\/2015\/11\/12_Bild_1200_400-610x203.jpg 610w, https:\/\/www.frankmendel.de\/wp-content\/uploads\/2015\/11\/12_Bild_1200_400-410x137.jpg 410w\" sizes=\"auto, (max-width: 1200px) 100vw, 1200px\" \/><\/a><\/p>\n<p><a href=\"http:\/\/www.frankmendel.de\/wp-content\/uploads\/2015\/11\/13_Bild_1500_476.jpg\"><img loading=\"lazy\" decoding=\"async\" class=\"alignleft wp-image-332 size-full\" src=\"http:\/\/www.frankmendel.de\/wp-content\/uploads\/2015\/11\/13_Bild_1500_476.jpg\" alt=\"\" width=\"1500\" height=\"476\" srcset=\"https:\/\/www.frankmendel.de\/wp-content\/uploads\/2015\/11\/13_Bild_1500_476.jpg 1500w, https:\/\/www.frankmendel.de\/wp-content\/uploads\/2015\/11\/13_Bild_1500_476-300x95.jpg 300w, https:\/\/www.frankmendel.de\/wp-content\/uploads\/2015\/11\/13_Bild_1500_476-1024x325.jpg 1024w, https:\/\/www.frankmendel.de\/wp-content\/uploads\/2015\/11\/13_Bild_1500_476-610x194.jpg 610w, https:\/\/www.frankmendel.de\/wp-content\/uploads\/2015\/11\/13_Bild_1500_476-410x130.jpg 410w\" sizes=\"auto, (max-width: 1500px) 100vw, 1500px\" \/><\/a><\/p>\n<p>LA TROISI\u00c8ME PLACE est partag\u00e9e par\u00a0<strong>BARCELONE, M\u00dcNICH et COLOGNE<\/strong><strong>.<\/strong> Elles occupent ensemble ce remarquable \u00ab troisi\u00e8me rang \u00bb. Catalans, Munichois et Coloniens aiment vivre dans leur ville de mani\u00e8re exceptionnelle et obtiennent un score \u00e9lev\u00e9 de\u00a0<strong>80 points<\/strong>\u00a0en\u00a0<strong>JOIE DE VIE URBAINE<\/strong>, bien au-dessus de la moyenne europ\u00e9enne de\u00a0<strong>74 points<\/strong><strong>.<\/strong><\/p>\n<p><a href=\"http:\/\/www.frankmendel.de\/wp-content\/uploads\/2015\/11\/14_Bild_1137_422.jpg\"><img loading=\"lazy\" decoding=\"async\" class=\"alignnone wp-image-333 size-full\" src=\"http:\/\/www.frankmendel.de\/wp-content\/uploads\/2015\/11\/14_Bild_1137_422.jpg\" alt=\"\" width=\"1137\" height=\"422\" srcset=\"https:\/\/www.frankmendel.de\/wp-content\/uploads\/2015\/11\/14_Bild_1137_422.jpg 1137w, https:\/\/www.frankmendel.de\/wp-content\/uploads\/2015\/11\/14_Bild_1137_422-300x111.jpg 300w, https:\/\/www.frankmendel.de\/wp-content\/uploads\/2015\/11\/14_Bild_1137_422-1024x380.jpg 1024w, https:\/\/www.frankmendel.de\/wp-content\/uploads\/2015\/11\/14_Bild_1137_422-610x226.jpg 610w, https:\/\/www.frankmendel.de\/wp-content\/uploads\/2015\/11\/14_Bild_1137_422-410x152.jpg 410w\" sizes=\"auto, (max-width: 1137px) 100vw, 1137px\" \/><\/a><\/p>\n<p>\u00c0 LA DEUXI\u00c8ME PLACE, on trouve\u00a0<strong>HAMBOURG<\/strong>. La cit\u00e9 hans\u00e9atique obtient de ses habitants un\u00a0<strong>URBAN JOY INDEX<\/strong>\u00a0de\u00a0\u00ab\u00a0<strong>85 points\u00a0\u00bb<\/strong>. 95 % des HAMBOURGEOIS jugent leur ville \u00ab tr\u00e8s attractive \u00bb. 90 % d\u00e9clarent : \u00ab Je trouve passionnant qu\u2019il existe dans ma ville des styles de vie, des profils et des caract\u00e8res extr\u00eamement vari\u00e9s. \u00bb \u00c0 BERLIN, ils ne sont que 77 % \u00e0 partager cet avis. Par ailleurs, 93 % des HAMBOURGEOIS affirment, convaincus : \u00ab\u00a0Ma ville offre une formidable diversit\u00e9 de sc\u00e8nes alternatives et de sous-cultures. \u00bb Un chiffre qui tombe \u00e0 87 % dans la capitale allemande.<\/p>\n<p><a href=\"http:\/\/www.frankmendel.de\/wp-content\/uploads\/2015\/11\/15_Bild_1200_800.jpg\"><img loading=\"lazy\" decoding=\"async\" class=\"alignnone wp-image-334 size-full\" src=\"http:\/\/www.frankmendel.de\/wp-content\/uploads\/2015\/11\/15_Bild_1200_800.jpg\" alt=\"\" width=\"1200\" height=\"800\" srcset=\"https:\/\/www.frankmendel.de\/wp-content\/uploads\/2015\/11\/15_Bild_1200_800.jpg 1200w, https:\/\/www.frankmendel.de\/wp-content\/uploads\/2015\/11\/15_Bild_1200_800-300x200.jpg 300w, https:\/\/www.frankmendel.de\/wp-content\/uploads\/2015\/11\/15_Bild_1200_800-1024x683.jpg 1024w, https:\/\/www.frankmendel.de\/wp-content\/uploads\/2015\/11\/15_Bild_1200_800-345x230.jpg 345w, https:\/\/www.frankmendel.de\/wp-content\/uploads\/2015\/11\/15_Bild_1200_800-410x273.jpg 410w\" sizes=\"auto, (max-width: 1200px) 100vw, 1200px\" \/><\/a><\/p>\n<p>\u00c0 LA PREMI\u00c8RE PLACE\u2026 LA GRANDE GAGNANTE\u2026 PORTO\u00a0! La ville portugaise grimpe sur la plus haute marche du podium europ\u00e9en de la\u00a0<strong>JOIE DE VIE URBAINE<\/strong>.<\/p>\n<p>PORTO compte les habitants les plus satisfaits et les plus heureux. Ils attribuent \u00e0 leur ville un\u00a0<strong>URBAN JOY INDEX<\/strong>\u00a0de\u00a0<strong>86 points<\/strong>. Plus de 94 % trouvent PORTO \u00ab tr\u00e8s attractive \u00bb.<br \/>\n91 % d\u00e9clarent : \u00ab J\u2019aime la diversit\u00e9 de ma ville \u00bb et \u00ab Je suis convaincu de pouvoir toujours y d\u00e9couvrir quelque chose de nouveau. \u00bb Autre fait marquant : plus de 90 % des habitants de PORTO se disent \u00ab tr\u00e8s satisfaits de la mobilit\u00e9 dans leur ville \u00bb. Dans de nombreuses autres villes europ\u00e9ennes, c\u2019est pr\u00e9cis\u00e9ment ce point \u2014 la mobilit\u00e9 \u2014 qui reste un probl\u00e8me central.<\/p>\n<figure id=\"attachment_335\" aria-describedby=\"caption-attachment-335\" style=\"width: 1500px\" class=\"wp-caption alignleft\"><a href=\"http:\/\/www.frankmendel.de\/wp-content\/uploads\/2015\/11\/18__Bild_Ergebnis__Urban_Joy_Index.jpg\"><img loading=\"lazy\" decoding=\"async\" class=\"wp-image-335 size-full\" src=\"https:\/\/www.frankmendel.de\/wp-content\/uploads\/2015\/10\/eng_urb_j_index-1024x632.jpg\" alt=\"\" width=\"1500\" height=\"926\" \/><\/a><figcaption id=\"caption-attachment-335\" class=\"wp-caption-text\">Les droits d&rsquo;image de l&rsquo;aper\u00e7u \u00ab\u00a0Joie de vivre urbaine en Europe\u00a0\u00bb pr\u00e9sent\u00e9 ci-dessus: (c) copyright by DAIMLER AG<\/figcaption><\/figure>\n<p style=\"text-align: right;\">Tous les autres droits d&rsquo;image dans mon article de blog sur le sujet QUELLES VILLES VOUS RENDENT HEUREUX: \u00a0 (c) copyright by fotolia<\/p>\n<hr \/>\n<p>Merci beaucoup pour votre lecture. Vos commentaires et avis sont les bienvenus.<\/p>\n<p>Et vous, qu\u2019en pensez-vous ? \u00c0 quel rang placeriez-vous\u00a0<strong>VOTRE VILLE<\/strong>, selon vous, en mati\u00e8re de\u00a0<strong>JOIE DE VIVRE URBAINE<\/strong>\u00a0et de\u00a0<strong>BONHEUR AU QUOTIDIEN<\/strong>\u00a0?<\/p>\n<p>Si vous avez des souhaits ou des questions, n\u2019h\u00e9sitez pas \u00e0 me les transmettre \u00e0 tout moment.<br \/>\nJe me r\u00e9jouis de votre message.<\/p>\n<p>Bien \u00e0 vous, Frank Mendel","protected":false},"excerpt":{"rendered":"<p>QU\u2019EST-CE QUE LA JOIE DE VIVRE URBAINE ? Est-ce l\u2019internationalit\u00e9 \u2219 Les opportunit\u00e9s professionnelles \u2219 Les perspectives pour la famille \u2219 Le sport \u2219 La culture \u2219 Le divertissement \u2219&hellip;<\/p>\n","protected":false},"author":3,"featured_media":320,"comment_status":"closed","ping_status":"open","sticky":false,"template":"","format":"standard","meta":{"footnotes":""},"categories":[54,63,122,127,117,125,6,34,66,23,33,55,22,126,124,119,56,9,10,25,128,11],"tags":[26,57,101,97,31,84,98,96,100,28,29,90,67,35,30,27,58,60,102,13,14,15,95,99,32,24,18],"powerkit_post_featured":[],"class_list":{"0":"post-319","1":"post","2":"type-post","3":"status-publish","4":"format-standard","5":"has-post-thumbnail","7":"category-city-marketing","8":"category-communication","9":"category-communication-evenementielle","10":"category-developpement-regional","11":"category-enthousiasme","12":"category-faconner-lavenir","13":"category-frank-mendel","14":"category-international","15":"category-joie-de-vivre","16":"category-kommunikation","17":"category-lebensfreude","18":"category-location-marketing","19":"category-marketing","20":"category-marketing-urbain","21":"category-mobiliser-le-monde","22":"category-reussite","23":"category-shape-the-future","24":"category-stadtmarketing","25":"category-standortmarketing","26":"category-urban","27":"category-urbanisme","28":"category-zukunft-gestalten","29":"tag-begeisterung","30":"tag-city-marketing","31":"tag-efficace","32":"tag-efficienza","33":"tag-effizient","34":"tag-entusiasmo","35":"tag-felicita","36":"tag-futuro","37":"tag-gioia-di-vivere","38":"tag-glueck","39":"tag-international","40":"tag-internazionale","41":"tag-joie-de-vivre","42":"tag-joy","43":"tag-lebendigkeit","44":"tag-lebensfreude","45":"tag-location-marketing","46":"tag-shape-the-future","47":"tag-soddisfazione","48":"tag-stadtmarketing","49":"tag-standortmarketing","50":"tag-urban","51":"tag-urbano","52":"tag-vitalita","53":"tag-wirkungsvoll","54":"tag-zufriedenheit","55":"tag-zukunft"},"_links":{"self":[{"href":"https:\/\/www.frankmendel.de\/fr\/wp-json\/wp\/v2\/posts\/319","targetHints":{"allow":["GET"]}}],"collection":[{"href":"https:\/\/www.frankmendel.de\/fr\/wp-json\/wp\/v2\/posts"}],"about":[{"href":"https:\/\/www.frankmendel.de\/fr\/wp-json\/wp\/v2\/types\/post"}],"author":[{"embeddable":true,"href":"https:\/\/www.frankmendel.de\/fr\/wp-json\/wp\/v2\/users\/3"}],"replies":[{"embeddable":true,"href":"https:\/\/www.frankmendel.de\/fr\/wp-json\/wp\/v2\/comments?post=319"}],"version-history":[{"count":9,"href":"https:\/\/www.frankmendel.de\/fr\/wp-json\/wp\/v2\/posts\/319\/revisions"}],"predecessor-version":[{"id":1475,"href":"https:\/\/www.frankmendel.de\/fr\/wp-json\/wp\/v2\/posts\/319\/revisions\/1475"}],"wp:featuredmedia":[{"embeddable":true,"href":"https:\/\/www.frankmendel.de\/fr\/wp-json\/wp\/v2\/media\/320"}],"wp:attachment":[{"href":"https:\/\/www.frankmendel.de\/fr\/wp-json\/wp\/v2\/media?parent=319"}],"wp:term":[{"taxonomy":"category","embeddable":true,"href":"https:\/\/www.frankmendel.de\/fr\/wp-json\/wp\/v2\/categories?post=319"},{"taxonomy":"post_tag","embeddable":true,"href":"https:\/\/www.frankmendel.de\/fr\/wp-json\/wp\/v2\/tags?post=319"},{"taxonomy":"powerkit_post_featured","embeddable":true,"href":"https:\/\/www.frankmendel.de\/fr\/wp-json\/wp\/v2\/powerkit_post_featured?post=319"}],"curies":[{"name":"wp","href":"https:\/\/api.w.org\/{rel}","templated":true}]}}