{"id":718,"date":"2025-06-12T14:40:06","date_gmt":"2025-06-12T12:40:06","guid":{"rendered":"http:\/\/www.frankmendel.de\/?p=718"},"modified":"2026-04-26T21:38:56","modified_gmt":"2026-04-26T19:38:56","slug":"es-gewinnt-unsere-urbane-globalisierung","status":"publish","type":"post","link":"https:\/\/www.frankmendel.de\/fr\/2025\/06\/12\/es-gewinnt-unsere-urbane-globalisierung\/","title":{"rendered":"Elle gagne&#8230; Notre mondialisation urbaine."},"content":{"rendered":"<h1 id=\"nos-villes-font-bouger-le-monde\" style=\"text-align: left;\">NOS VILLES FONT BOUGER LE MONDE.<\/h1>\n<p><strong>Communicateur passionn\u00e9 \u2219 Citadin enthousiaste \u2219 Citoyen du monde convaincu.<\/strong><\/p>\n<p>Depuis <strong>plus de 20 ans<\/strong>, je m\u2019engage, aussi bien <strong>professionnellement<\/strong> que <strong>personnellement<\/strong>, comme <strong>acteur de la mondialisation<\/strong> et <strong>b\u00e2tisseur de r\u00e9seaux durables<\/strong> dans les domaines de l&rsquo;\u00e9conomie, des m\u00e9dias, de la culture et de la politique.<\/p>\n<p>Pendant quatre ans, j\u2019ai voyag\u00e9 avec un <strong>passeport diplomatique<\/strong> de la <strong>R\u00e9publique f\u00e9d\u00e9rale d\u2019Allemagne \u2219 50 villes \u2219 15 nations \u2219 6 continents \u2219 <\/strong>D\u00e8s mon enfance d\u00e9j\u00e0, j\u2019ai eu la chance d\u2019aller \u00e0 l\u2019\u00e9cole dans diff\u00e9rents pays.<\/p>\n<p>Mon exp\u00e9rience en t\u00e9moigne\u2026<\/p>\n<h5 id=\"nos-villes-jouent-un-role-essentiel\"><span style=\"color: #808080;\">NOS VILLES JOUENT UN R\u00d4LE ESSENTIEL<\/span><\/h5>\n<h3 id=\"dans-notre-internationalisation\">DANS NOTRE INTERNATIONALISATION.<\/h3>\n<p>Les villes ont toujours exerc\u00e9 une influence majeure sur <strong>l\u2019\u00e9volution interconnect\u00e9e<\/strong> de notre monde. Depuis plus de <strong>1 000 ans<\/strong>, elles dynamisent les <strong>\u00e9changes commerciaux internationaux<\/strong>.<\/p>\n<p>Les liens \u00e9troits entre <strong>urbanisation<\/strong>, <strong>relations internationales<\/strong> et <strong>mondialisation<\/strong> se manifestent depuis longtemps : des anciennes <strong>routes commerciales orientales<\/strong> jusqu\u2019au <strong>monde hautement interconnect\u00e9 d\u2019aujourd\u2019hui<\/strong>.<\/p>\n<h4 id=\"\"><a href=\"http:\/\/www.frankmendel.de\/wp-content\/uploads\/2015\/10\/06__b__globalisierung_frank_mendel_de.jpg\"><img loading=\"lazy\" decoding=\"async\" class=\"alignnone size-full wp-image-844\" src=\"https:\/\/www.frankmendel.de\/wp-content\/uploads\/2015\/12\/06_b_jp_globalisierung_frank_mendel_en.jpg\" alt=\"06__b__globalisierung_frank_mendel_de\" width=\"825\" height=\"348\" \/><\/a><\/h4>\n<h5 id=\"mondialisation-totale\"><span style=\"color: #808080;\">MONDIALISATION TOTALE :<\/span><\/h5>\n<h3 id=\"des-annees-1990-unipolaires-a-notre-marche-geopolitique-actuel\">DES ANN\u00c9ES 1990 UNIPOLAIRES \u00c0 NOTRE MARCH\u00c9 G\u00c9OPOLITIQUE ACTUEL.<\/h3>\n<blockquote><p><em>Dans les ann\u00e9es 1980 jusqu\u2019\u00e0 la fin des ann\u00e9es 1990, notre monde \u00e9tait domin\u00e9 par un seul pays :<\/em><em>\u00a0\u00ab\u00a0<\/em><strong><em>les \u00c9tats-Unis\u00a0\u00bb<\/em><\/strong><em>. Ce n\u2019est qu\u2019ensuite que d\u2019autres puissances se sont impos\u00e9es comme march\u00e9s majeurs :\u00a0<\/em><em>\u00a0\u00ab\u00a0<\/em><strong><em>l\u2019Europe\u00a0\u00bb, \u00ab\u00a0la Chine\u00a0\u00bb, \u00ab\u00a0l\u2019Inde\u00a0\u00bb et \u00ab\u00a0le Japon\u00a0\u00bb<\/em><\/strong><em>.<\/em><\/p>\n<p>Aujourd\u2019hui, nos <strong>innombrables interconnexions internationales<\/strong> et la <strong>d\u00e9mocratisation mondiale<\/strong> des <strong>donn\u00e9es<\/strong>, de <strong>l\u2019information<\/strong> et de <strong>l\u2019actualit\u00e9<\/strong> ont donn\u00e9 naissance \u00e0 un \u00ab <strong>march\u00e9 g\u00e9opolitique<\/strong> \u00bb commun. Une r\u00e9alit\u00e9 s\u2019y impose d\u00e9sormais :<\/p><\/blockquote>\n<h5 id=\"chaque-marche-compte\" style=\"text-align: left;\"><span style=\"color: #808080;\">CHAQUE MARCH\u00c9 COMPTE.<\/span><\/h5>\n<p><a href=\"http:\/\/www.frankmendel.de\/wp-content\/uploads\/2015\/10\/09___fotolia_82826681_welt_03.jpg\"><img loading=\"lazy\" decoding=\"async\" class=\"alignnone wp-image-779 size-full\" src=\"http:\/\/www.frankmendel.de\/wp-content\/uploads\/2015\/10\/09___fotolia_82826681_welt_03.jpg\" alt=\"09___fotolia_82826681_welt_03\" width=\"849\" height=\"566\" srcset=\"https:\/\/www.frankmendel.de\/wp-content\/uploads\/2015\/10\/09___fotolia_82826681_welt_03.jpg 849w, https:\/\/www.frankmendel.de\/wp-content\/uploads\/2015\/10\/09___fotolia_82826681_welt_03-300x200.jpg 300w, https:\/\/www.frankmendel.de\/wp-content\/uploads\/2015\/10\/09___fotolia_82826681_welt_03-345x230.jpg 345w, https:\/\/www.frankmendel.de\/wp-content\/uploads\/2015\/10\/09___fotolia_82826681_welt_03-410x273.jpg 410w\" sizes=\"auto, (max-width: 849px) 100vw, 849px\" \/><\/a><\/p>\n<h5 id=\"ma-prediction\"><span style=\"color: #808080;\">MA PR\u00c9DICTION :<\/span><\/h5>\n<h3 id=\"nos-futures-suppuissances-seront-gouvernees-par-les-villes\">NOS FUTURES SUPPUISSANCES SERONT GOUVERN\u00c9ES PAR LES VILLES.<\/h3>\n<p>Ces derni\u00e8res ann\u00e9es, de nombreuses villes se sont transform\u00e9es en v\u00e9ritables <strong>archipels urbains.<\/strong> Certaines grandes m\u00e9tropoles poss\u00e8dent aujourd\u2019hui une <strong>influence internationale<\/strong> et un <strong>poids \u00e9conomique<\/strong> sup\u00e9rieurs \u00e0 ceux de nombreux <strong>\u00c9tats<\/strong>.<\/p>\n<p><a href=\"http:\/\/www.frankmendel.de\/wp-content\/uploads\/2015\/10\/10___fotolia_95503402_hongkong.jpg\"><img loading=\"lazy\" decoding=\"async\" class=\"alignnone wp-image-780 size-full\" src=\"http:\/\/www.frankmendel.de\/wp-content\/uploads\/2015\/10\/10___fotolia_95503402_hongkong.jpg\" alt=\"10___fotolia_95503402_hongkong\" width=\"847\" height=\"359\" srcset=\"https:\/\/www.frankmendel.de\/wp-content\/uploads\/2015\/10\/10___fotolia_95503402_hongkong.jpg 847w, https:\/\/www.frankmendel.de\/wp-content\/uploads\/2015\/10\/10___fotolia_95503402_hongkong-300x127.jpg 300w, https:\/\/www.frankmendel.de\/wp-content\/uploads\/2015\/10\/10___fotolia_95503402_hongkong-543x230.jpg 543w, https:\/\/www.frankmendel.de\/wp-content\/uploads\/2015\/10\/10___fotolia_95503402_hongkong-410x174.jpg 410w\" sizes=\"auto, (max-width: 847px) 100vw, 847px\" \/><\/a><\/p>\n<p>Par exemple, si le\u00a0<strong>delta de la rivi\u00e8re des Perles<\/strong>, en <strong>Chine<\/strong>, \u00e9tait un pays autonome, il serait actuellement class\u00e9 parmi les <strong>20 premi\u00e8res nations industrielles du monde<\/strong> (<strong>G20<\/strong>).<\/p>\n<h5 id=\"nouveaux-blocs-de-puissance-mondiaux\"><span style=\"color: #808080;\">NOUVEAUX BLOCS DE PUISSANCE MONDIAUX :<\/span><\/h5>\n<h3 id=\"les-archipels-urbains\">LES ARCHIPELS URBAINS.<\/h3>\n<h4 id=\"-2\"><a href=\"http:\/\/www.frankmendel.de\/wp-content\/uploads\/2015\/10\/11__b_jpg_Fotolia_94807577_S_urbane_archi_.jpg\"><img loading=\"lazy\" decoding=\"async\" class=\"alignnone wp-image-813 size-full\" src=\"http:\/\/www.frankmendel.de\/wp-content\/uploads\/2015\/10\/11__b_jpg_Fotolia_94807577_S_urbane_archi_.jpg\" alt=\"11__b_jpg_Fotolia_94807577_S_urbane_archi_\" width=\"803\" height=\"420\" srcset=\"https:\/\/www.frankmendel.de\/wp-content\/uploads\/2015\/10\/11__b_jpg_Fotolia_94807577_S_urbane_archi_.jpg 803w, https:\/\/www.frankmendel.de\/wp-content\/uploads\/2015\/10\/11__b_jpg_Fotolia_94807577_S_urbane_archi_-300x157.jpg 300w, https:\/\/www.frankmendel.de\/wp-content\/uploads\/2015\/10\/11__b_jpg_Fotolia_94807577_S_urbane_archi_-440x230.jpg 440w, https:\/\/www.frankmendel.de\/wp-content\/uploads\/2015\/10\/11__b_jpg_Fotolia_94807577_S_urbane_archi_-410x214.jpg 410w\" sizes=\"auto, (max-width: 803px) 100vw, 803px\" \/><\/a><\/h4>\n<p>Par leur immense diversit\u00e9 culturelle et leurs populations en constante croissance, les archipels urbains vont acc\u00e9l\u00e9rer fortement notre mondialisation.<\/p>\n<p>Les villes peuvent prosp\u00e9rer m\u00eame dans des \u00c9tats en faillite. Mais un pays, lui, n\u2019a aucune chance de survie sans une ville viable.<\/p>\n<blockquote>\n<h6 id=\"ma-prediction-2\"><span style=\"color: #808080;\">MA PR\u00c9DICTION :<\/span><\/h6>\n<h6 id=\"grace-a-notre-interconnexion-mondiale-nous-eviterons-les-guerres-car\" style=\"text-align: left;\"><span style=\"color: #808080;\">GR\u00c2CE \u00c0 NOTRE INTERCONNEXION MONDIALE, NOUS \u00c9VITERONS LES GUERRES, CAR\u2026<\/span><\/h6>\n<\/blockquote>\n<p>&nbsp;<\/p>\n<h5 id=\"la-priorite-absolue-de-toutes-les-nations\"><span style=\"color: #808080;\">LA PRIORIT\u00c9 ABSOLUE DE TOUTES LES NATIONS :<\/span><\/h5>\n<h3 id=\"linfrastructure\">L\u2019INFRASTRUCTURE.<\/h3>\n<p>Les gouvernements d\u00e9pensent de l\u2019argent pour l\u2019armement. Mais si l\u2019on compare les chiffres, on voit clairement que la <strong>priorit\u00e9<\/strong> de presque tous les pays, de tr\u00e8s loin, ce sont les <strong>investissements massifs<\/strong> dans nos <strong>infrastructures mondiales<\/strong> communes.<\/p>\n<p style=\"padding-left: 40px;\">Aujourd\u2019hui, presque toutes les <strong>nations<\/strong> consacrent des <strong>sommes colossales<\/strong> \u00e0 nos <strong>r\u00e9seaux mondiaux de t\u00e9l\u00e9communications<\/strong>, de <strong>transport<\/strong>, de <strong>circulation<\/strong> et de <strong>logistique<\/strong>.<\/p>\n<p>C\u2019est pourquoi nos pays ne prendront plus le risque de d\u00e9truire, par de simples guerres, ces investissements gigantesques dans les infrastructures. Bien s\u00fbr, \u00e0 l\u2019avenir aussi, on pourra compter sur des \u00ab\u00a0d\u00e9monstrations de force\u00a0\u00bb orchestr\u00e9es par des politiques ou des entrepreneurs. L\u2019objectif principal sera alors de garder le contr\u00f4le des cha\u00eenes d\u2019approvisionnement mondiales.<\/p>\n<p>Il est certain que nous assisterons encore \u00e0 des man\u0153uvres agressives. Mais je suis convaincu que, compar\u00e9es aux guerres que nous avons connues jusqu\u2019ici, elles repr\u00e9senteront des alternatives nettement plus acceptables.<\/p>\n<p><a href=\"http:\/\/www.frankmendel.de\/wp-content\/uploads\/2015\/10\/13___fotolia_45962160_welt_04.jpg\"><img loading=\"lazy\" decoding=\"async\" class=\"alignnone wp-image-781 size-full\" src=\"http:\/\/www.frankmendel.de\/wp-content\/uploads\/2015\/10\/13___fotolia_45962160_welt_04.jpg\" alt=\"13___fotolia_45962160_welt_04\" width=\"953\" height=\"418\" srcset=\"https:\/\/www.frankmendel.de\/wp-content\/uploads\/2015\/10\/13___fotolia_45962160_welt_04.jpg 953w, https:\/\/www.frankmendel.de\/wp-content\/uploads\/2015\/10\/13___fotolia_45962160_welt_04-300x132.jpg 300w, https:\/\/www.frankmendel.de\/wp-content\/uploads\/2015\/10\/13___fotolia_45962160_welt_04-524x230.jpg 524w, https:\/\/www.frankmendel.de\/wp-content\/uploads\/2015\/10\/13___fotolia_45962160_welt_04-410x180.jpg 410w\" sizes=\"auto, (max-width: 953px) 100vw, 953px\" \/><\/a><\/p>\n<h5 id=\"nos-perspectives\"><span style=\"color: #808080;\">NOS PERSPECTIVES<\/span><\/h5>\n<h3 id=\"mondiales-communes\">MONDIALES COMMUNES.<\/h3>\n<p>Nos interconnexions num\u00e9riques nous ouvrent aujourd\u2019hui de <strong>nombreuses opportunit\u00e9s communes<\/strong> \u00e0 <strong>l\u2019\u00e9chelle mondiale.<\/strong><\/p>\n<p style=\"padding-left: 40px;\">Dans notre <strong>\u00e9conomie, notre politique, notre culture, notre environnement<\/strong> et dans la <strong>communication<\/strong> entre les personnes, les <strong>villes<\/strong>, les <strong>entreprises<\/strong> et les <strong>institutions<\/strong>.<\/p>\n<p><em>En tant que grand admirateur du texte<\/em>\u00a0<em>\u00ab\u00a0<strong>Le manifeste des \u00e9vidences<\/strong>\u00a0\u00bb<\/em> (\u00ab\u00a0<strong><em>The<\/em><\/strong> <em><strong>Cluetrain Manifesto\u00a0\u00bb<\/strong><\/em><em>, j\u2019appr\u00e9cie de voir combien nos <strong>r\u00e9seaux mondiaux <\/strong>se sont<strong> densifi\u00e9s.<\/strong><\/em><\/p>\n<p>Depuis le <strong>passage au nouveau mill\u00e9naire<\/strong>, <strong>les \u00eatres humains<\/strong> se sont \u00e9norm\u00e9ment rapproch\u00e9s.<\/p>\n<p><a href=\"http:\/\/www.frankmendel.de\/wp-content\/uploads\/2015\/10\/03___fotolia_95906289.jpg\"><img loading=\"lazy\" decoding=\"async\" class=\"alignnone wp-image-776 size-full\" src=\"http:\/\/www.frankmendel.de\/wp-content\/uploads\/2015\/10\/03___fotolia_95906289.jpg\" alt=\"03___fotolia_95906289\" width=\"848\" height=\"355\" srcset=\"https:\/\/www.frankmendel.de\/wp-content\/uploads\/2015\/10\/03___fotolia_95906289.jpg 848w, https:\/\/www.frankmendel.de\/wp-content\/uploads\/2015\/10\/03___fotolia_95906289-300x126.jpg 300w, https:\/\/www.frankmendel.de\/wp-content\/uploads\/2015\/10\/03___fotolia_95906289-549x230.jpg 549w, https:\/\/www.frankmendel.de\/wp-content\/uploads\/2015\/10\/03___fotolia_95906289-410x172.jpg 410w\" sizes=\"auto, (max-width: 848px) 100vw, 848px\" \/><\/a><\/p>\n<h5 id=\"progres-urbains\"><span style=\"color: #808080;\">PROGR\u00c8S URBAINS :<br \/>\n<\/span><\/h5>\n<h3 id=\"mobilite-urbaine\">MOBILIT\u00c9 URBAINE.<\/h3>\n<p>Dans un avenir proche, <strong>de<\/strong> <strong>nouveaux progr\u00e8s urbains attrayants nous attendent<\/strong>. Deux <strong>d\u00e9veloppements<\/strong> int\u00e9ressants illustrent d\u00e9j\u00e0 les \u00e9volutions de la\u00a0\u00ab\u00a0<strong>mobilit\u00e9 urbaine\u00a0\u00bb<\/strong>\u00a0:<\/p>\n<p style=\"padding-left: 40px;\"><em>Dans de nombreuses <strong>villes<\/strong>, on teste les<\/em><em>\u00a0\u00ab\u00a0<\/em><strong><em>voitures sans conducteur\u00a0\u00bb<\/em><\/strong><em>.<\/em><\/p>\n<p><a href=\"http:\/\/www.frankmendel.de\/wp-content\/uploads\/2015\/10\/04___fotolia_56312148_helsinki.jpg\"><img loading=\"lazy\" decoding=\"async\" class=\"alignnone wp-image-777 size-full\" src=\"http:\/\/www.frankmendel.de\/wp-content\/uploads\/2015\/10\/04___fotolia_56312148_helsinki.jpg\" alt=\"04___fotolia_56312148_helsinki\" width=\"848\" height=\"435\" srcset=\"https:\/\/www.frankmendel.de\/wp-content\/uploads\/2015\/10\/04___fotolia_56312148_helsinki.jpg 848w, https:\/\/www.frankmendel.de\/wp-content\/uploads\/2015\/10\/04___fotolia_56312148_helsinki-300x154.jpg 300w, https:\/\/www.frankmendel.de\/wp-content\/uploads\/2015\/10\/04___fotolia_56312148_helsinki-448x230.jpg 448w, https:\/\/www.frankmendel.de\/wp-content\/uploads\/2015\/10\/04___fotolia_56312148_helsinki-410x210.jpg 410w\" sizes=\"auto, (max-width: 848px) 100vw, 848px\" \/><\/a><\/p>\n<blockquote><p><em>\u00c0 <strong>Helsinki, la capitale finlandaise<\/strong>, <strong>les jeunes<\/strong> <strong>ach\u00e8tent de moins en moins de voitures priv\u00e9es<\/strong>. La raison est simple\u00a0: le <strong>r\u00e9seau de transports publics<\/strong> y est <strong>si bien d\u00e9velopp\u00e9<\/strong> qu\u2019ils n\u2019en ressentent plus le besoin.<\/em><\/p><\/blockquote>\n<p><a href=\"http:\/\/www.frankmendel.de\/wp-content\/uploads\/2015\/10\/05___fotolia_94807577_welt_05.jpg\"><img loading=\"lazy\" decoding=\"async\" class=\"alignnone wp-image-778 size-full\" src=\"http:\/\/www.frankmendel.de\/wp-content\/uploads\/2015\/10\/05___fotolia_94807577_welt_05.jpg\" alt=\"05___fotolia_94807577_welt_05\" width=\"848\" height=\"430\" srcset=\"https:\/\/www.frankmendel.de\/wp-content\/uploads\/2015\/10\/05___fotolia_94807577_welt_05.jpg 848w, https:\/\/www.frankmendel.de\/wp-content\/uploads\/2015\/10\/05___fotolia_94807577_welt_05-300x152.jpg 300w, https:\/\/www.frankmendel.de\/wp-content\/uploads\/2015\/10\/05___fotolia_94807577_welt_05-454x230.jpg 454w, https:\/\/www.frankmendel.de\/wp-content\/uploads\/2015\/10\/05___fotolia_94807577_welt_05-410x208.jpg 410w\" sizes=\"auto, (max-width: 848px) 100vw, 848px\" \/><\/a><\/p>\n<h5 id=\"internationalisation-urbaine\"><span style=\"color: #808080;\">INTERNATIONALISATION URBAINE :<\/span><\/h5>\n<h3 id=\"une-diplomatie-des-villes-qui-reussit\">UNE DIPLOMATIE DES VILLES QUI R\u00c9USSIT.<\/h3>\n<p><a href=\"http:\/\/www.frankmendel.de\/wp-content\/uploads\/2015\/10\/14___IMG_0901-_frank_mendel_1500.jpg\"><img loading=\"lazy\" decoding=\"async\" class=\"alignnone wp-image-744 size-full\" src=\"https:\/\/www.frankmendel.de\/wp-content\/uploads\/2015\/10\/14___IMG_0901-_frank_mendel_1500.jpg\" alt=\"Frank Mendel\" width=\"1500\" height=\"757\" srcset=\"https:\/\/www.frankmendel.de\/wp-content\/uploads\/2015\/10\/14___IMG_0901-_frank_mendel_1500.jpg 1500w, https:\/\/www.frankmendel.de\/wp-content\/uploads\/2015\/10\/14___IMG_0901-_frank_mendel_1500-300x151.jpg 300w, https:\/\/www.frankmendel.de\/wp-content\/uploads\/2015\/10\/14___IMG_0901-_frank_mendel_1500-1024x517.jpg 1024w, https:\/\/www.frankmendel.de\/wp-content\/uploads\/2015\/10\/14___IMG_0901-_frank_mendel_1500-456x230.jpg 456w, https:\/\/www.frankmendel.de\/wp-content\/uploads\/2015\/10\/14___IMG_0901-_frank_mendel_1500-410x207.jpg 410w\" sizes=\"auto, (max-width: 1500px) 100vw, 1500px\" \/><\/a><\/p>\n<p style=\"padding-left: 40px;\"><em>Je tiens \u00e0 exprimer <strong>ma gratitude<\/strong> pour <strong>l\u2019honneur<\/strong> qui m\u2019a \u00e9t\u00e9 fait d\u2019accompagner, entre autres, le <strong>minist\u00e8re des Finances et de l\u2019\u00c9conomie du Bade-Wurtemberg<\/strong>, en m\u2019appuyant sur mon <strong>r\u00e9seau personnel solide d\u2019acteurs internationaux cl\u00e9s et des grands groupes m\u00e9diatiques.<\/strong><\/em><\/p>\n<p>Les <strong>liens diplomatiques<\/strong> \u00e9troits entre <strong>nos villes et nos r\u00e9gions<\/strong> sont des <strong>leviers d\u00e9cisifs<\/strong> pour <strong>b\u00e2tir une internationalisation durable et partag\u00e9e<\/strong>.<\/p>\n<p>Un exemple concret : les <strong>coop\u00e9rations<\/strong> entre le\u00a0<strong>Bade-Wurtemberg<\/strong>\u00a0et la\u00a0<strong>Catalogne<\/strong>\u00a0dans le domaine de la mobilit\u00e9 de l\u2019emploi.<\/p>\n<p><a href=\"http:\/\/www.frankmendel.de\/wp-content\/uploads\/2015\/10\/15___fotolia_64388310_barcelona_06.jpg\"><img loading=\"lazy\" decoding=\"async\" class=\"alignnone wp-image-782 size-full\" src=\"http:\/\/www.frankmendel.de\/wp-content\/uploads\/2015\/10\/15___fotolia_64388310_barcelona_06.jpg\" alt=\"15___fotolia_64388310_barcelona_06\" width=\"1232\" height=\"157\" srcset=\"https:\/\/www.frankmendel.de\/wp-content\/uploads\/2015\/10\/15___fotolia_64388310_barcelona_06.jpg 1232w, https:\/\/www.frankmendel.de\/wp-content\/uploads\/2015\/10\/15___fotolia_64388310_barcelona_06-300x38.jpg 300w, https:\/\/www.frankmendel.de\/wp-content\/uploads\/2015\/10\/15___fotolia_64388310_barcelona_06-1024x130.jpg 1024w, https:\/\/www.frankmendel.de\/wp-content\/uploads\/2015\/10\/15___fotolia_64388310_barcelona_06-610x78.jpg 610w, https:\/\/www.frankmendel.de\/wp-content\/uploads\/2015\/10\/15___fotolia_64388310_barcelona_06-410x52.jpg 410w\" sizes=\"auto, (max-width: 1232px) 100vw, 1232px\" \/><\/a><\/p>\n<h6 id=\"premier-jour-du-bade-wurtemberg-a-barcelone\"><span style=\"color: #808080;\">PREMIER \u00ab JOUR DU BADE-WURTEMBERG \u00bb \u00c0 BARCELONE<\/span><\/h6>\n<p>D\u00e8s avril 2015, les deux r\u00e9gions partenaires europ\u00e9ennes ont pos\u00e9 les bases de leur coop\u00e9ration lors d\u2019un \u00e9v\u00e9nement inaugural commun \u00e0 Barcelone.<\/p>\n<p>Nils Schmid, ancien vice-ministre-pr\u00e9sident et ministre des Finances et de l\u2019\u00c9conomie, s\u2019est enthousiasm\u00e9 : <strong>\u00ab Le Jour du Bade-Wurtemberg \u00e0 Barcelone marque le d\u00e9but r\u00e9ussi de notre collaboration fructueuse dans les domaines des comp\u00e9tences, de la formation et de l\u2019enseignement sup\u00e9rieur. \u00bb<\/strong><\/p>\n<p style=\"text-align: center;\"><span style=\"color: #808080;\">N O S<\/span><br \/>\n<span style=\"color: #808080;\">\u2219 A R R A N G E M E N T S \u2219<\/span><br \/>\n<span style=\"color: #808080;\">\u2219 R \u00c9 A L I S A T I O N S \u2219<\/span><br \/>\n<span style=\"color: #808080;\">\u2219 I M P R E S S I O N S \u2219<\/span><\/p>\n<p><a href=\"http:\/\/www.frankmendel.de\/wp-content\/uploads\/2015\/10\/16___Barcelona_BW_Tag_2015_04_22_1500.jpg\"><img loading=\"lazy\" decoding=\"async\" class=\"alignnone wp-image-755 size-full\" src=\"http:\/\/www.frankmendel.de\/wp-content\/uploads\/2015\/10\/16___Barcelona_BW_Tag_2015_04_22_1500.jpg\" alt=\"16___Barcelona_BW_Tag_2015_04_22_1500\" width=\"1500\" height=\"1061\" srcset=\"https:\/\/www.frankmendel.de\/wp-content\/uploads\/2015\/10\/16___Barcelona_BW_Tag_2015_04_22_1500.jpg 1500w, https:\/\/www.frankmendel.de\/wp-content\/uploads\/2015\/10\/16___Barcelona_BW_Tag_2015_04_22_1500-300x212.jpg 300w, https:\/\/www.frankmendel.de\/wp-content\/uploads\/2015\/10\/16___Barcelona_BW_Tag_2015_04_22_1500-1024x724.jpg 1024w, https:\/\/www.frankmendel.de\/wp-content\/uploads\/2015\/10\/16___Barcelona_BW_Tag_2015_04_22_1500-325x230.jpg 325w, https:\/\/www.frankmendel.de\/wp-content\/uploads\/2015\/10\/16___Barcelona_BW_Tag_2015_04_22_1500-410x290.jpg 410w\" sizes=\"auto, (max-width: 1500px) 100vw, 1500px\" \/><\/a><\/p>\n<p>Merci beaucoup de votre int\u00e9r\u00eat et de votre lecture. Vos commentaires sont les bienvenus. Vous avez des questions ? N\u2019h\u00e9sitez pas \u00e0 me les transmettre. Je serai ravi d\u2019y r\u00e9pondre.<\/p>\n<p>Bien \u00e0 vous,<\/p>\n<p><strong>Frank Mendel<\/strong><\/p>\n<p>&nbsp;<\/p>\n<hr \/>\n<p>&nbsp;<\/p>\n<hr \/>\n<p>Les droits d&rsquo;image de mon article de blog sur le th\u00e8me \u00ab ELLE GAGNE&#8230; NOTRE MONDIALISATION URBAINE \u00bb sont la propri\u00e9t\u00e9 de ||| Image 01, 06, 07, 08, 11, 12, 14: (c) copyright by Frank Mendel ||| Image 02, 03, 04, 05, 09, 10, 13, 15: (c) copyright by fotolia ||| Image 16: (c) copyright by Frank Mendel + Vincenzo Rigogliuso.","protected":false},"excerpt":{"rendered":"<p>NOS VILLES FONT BOUGER LE MONDE. Communicateur passionn\u00e9 \u2219 Citadin enthousiaste \u2219 Citoyen du monde convaincu. Depuis plus de 20 ans, je m\u2019engage, aussi bien professionnellement que personnellement, comme acteur&hellip;<\/p>\n","protected":false},"author":3,"featured_media":717,"comment_status":"closed","ping_status":"open","sticky":false,"template":"","format":"standard","meta":{"footnotes":""},"categories":[129,54,63,122,127,72,73,118,117,51,125,6,69,68,21,82,34,71,70,66,23,33,40,55,22,121,123,126,81,124,120,119,56,9,10,25,128,11],"tags":[116,26,57,109,92,94,114,79,78,104,85,103,84,16,106,50,87,112,41,64,96,75,74,88,20,83,17,89,29,77,76,90,91,36,58,108,110,113,80,111,93,107,105,60,13,14,86,15,115,95,18],"powerkit_post_featured":[],"class_list":{"0":"post-718","1":"post","2":"type-post","3":"status-publish","4":"format-standard","5":"has-post-thumbnail","7":"category-avenir","8":"category-city-marketing","9":"category-communication","10":"category-communication-evenementielle","11":"category-developpement-regional","12":"category-diplomacy-of-cities","13":"category-diplomatie-der-staedte","14":"category-diplomatie-des-villes","15":"category-enthousiasme","16":"category-events-bewegen","17":"category-faconner-lavenir","18":"category-frank-mendel","19":"category-globalisation","20":"category-globalisierung","21":"category-hr-marketing","22":"category-imco-international-media-and-marketing-cooperations","23":"category-international","24":"category-internationalisation","25":"category-internationalisierung","26":"category-joie-de-vivre","27":"category-kommunikation","28":"category-lebensfreude","29":"category-live-communication","30":"category-location-marketing","31":"category-marketing","32":"category-marketing-rh","33":"category-marketing-territorial","34":"category-marketing-urbain","35":"category-mobilise-the-world","36":"category-mobiliser-le-monde","37":"category-mondialisation","38":"category-reussite","39":"category-shape-the-future","40":"category-stadtmarketing","41":"category-standortmarketing","42":"category-urban","43":"category-urbanisme","44":"category-zukunft-gestalten","45":"tag-avenir","46":"tag-begeisterung","47":"tag-city-marketing","48":"tag-communication-evenementielle","49":"tag-comunicazione-dal-vivo","50":"tag-dare-forma-al-futuro","51":"tag-developpement-regional","52":"tag-diplomacy-of-cities","53":"tag-diplomatie-der-staedte","54":"tag-diplomatie-des-villes","55":"tag-diplomazia-delle-citta","56":"tag-enthousiasme","57":"tag-entusiasmo","58":"tag-erfolgreich","59":"tag-evenement","60":"tag-event","61":"tag-evento","62":"tag-faconner-lavenir","63":"tag-frank-mendel","64":"tag-future","65":"tag-futuro","66":"tag-globalisation","67":"tag-globalisierung","68":"tag-globalizzazione","69":"tag-hr-marketing","70":"tag-imco-international-media-and-marketing-cooperations","71":"tag-innovativ","72":"tag-innovativo","73":"tag-international","74":"tag-internationalisation","75":"tag-internationalisierung","76":"tag-internazionale","77":"tag-internazionalizzazione","78":"tag-live-communication","79":"tag-location-marketing","80":"tag-marketing-rh","81":"tag-marketing-territorial","82":"tag-marketing-urbain","83":"tag-mobilise-the-world","84":"tag-mobiliser-le-monde","85":"tag-mobilitare-il-mondo","86":"tag-mondialisation","87":"tag-reussite","88":"tag-shape-the-future","89":"tag-stadtmarketing","90":"tag-standortmarketing","91":"tag-successo","92":"tag-urban","93":"tag-urbanisme","94":"tag-urbano","95":"tag-zukunft"},"_links":{"self":[{"href":"https:\/\/www.frankmendel.de\/fr\/wp-json\/wp\/v2\/posts\/718","targetHints":{"allow":["GET"]}}],"collection":[{"href":"https:\/\/www.frankmendel.de\/fr\/wp-json\/wp\/v2\/posts"}],"about":[{"href":"https:\/\/www.frankmendel.de\/fr\/wp-json\/wp\/v2\/types\/post"}],"author":[{"embeddable":true,"href":"https:\/\/www.frankmendel.de\/fr\/wp-json\/wp\/v2\/users\/3"}],"replies":[{"embeddable":true,"href":"https:\/\/www.frankmendel.de\/fr\/wp-json\/wp\/v2\/comments?post=718"}],"version-history":[{"count":11,"href":"https:\/\/www.frankmendel.de\/fr\/wp-json\/wp\/v2\/posts\/718\/revisions"}],"predecessor-version":[{"id":1585,"href":"https:\/\/www.frankmendel.de\/fr\/wp-json\/wp\/v2\/posts\/718\/revisions\/1585"}],"wp:featuredmedia":[{"embeddable":true,"href":"https:\/\/www.frankmendel.de\/fr\/wp-json\/wp\/v2\/media\/717"}],"wp:attachment":[{"href":"https:\/\/www.frankmendel.de\/fr\/wp-json\/wp\/v2\/media?parent=718"}],"wp:term":[{"taxonomy":"category","embeddable":true,"href":"https:\/\/www.frankmendel.de\/fr\/wp-json\/wp\/v2\/categories?post=718"},{"taxonomy":"post_tag","embeddable":true,"href":"https:\/\/www.frankmendel.de\/fr\/wp-json\/wp\/v2\/tags?post=718"},{"taxonomy":"powerkit_post_featured","embeddable":true,"href":"https:\/\/www.frankmendel.de\/fr\/wp-json\/wp\/v2\/powerkit_post_featured?post=718"}],"curies":[{"name":"wp","href":"https:\/\/api.w.org\/{rel}","templated":true}]}}