{"id":1098,"date":"2025-06-11T16:27:35","date_gmt":"2025-06-11T14:27:35","guid":{"rendered":"http:\/\/www.frankmendel.de\/?p=1098"},"modified":"2025-10-24T20:50:45","modified_gmt":"2025-10-24T18:50:45","slug":"urbane-entwicklung-urbane-welt","status":"publish","type":"post","link":"https:\/\/www.frankmendel.de\/it\/2025\/06\/11\/urbane-entwicklung-urbane-welt\/","title":{"rendered":"SVILUPPO URBANO. MONDO URBANO. PENSIERI&#8230;"},"content":{"rendered":"Negli ultimi cinquant&#8217;anni sono successe molte cose. Il numero di persone sul nostro pianeta \u00e8 in aumento. Ma anche la distribuzione delle persone sta cambiando. Quasi <strong>la met\u00e0<\/strong> dell&#8217;intera <strong>popolazione umana<\/strong> vive oggi <strong>nelle citt\u00e0<\/strong>.<\/p>\n<h6 id=\"citta-piu-grandi-piu-persone\">CITTA&#8217; PIU&#8217; GRANDI. PI\u00d9 PERSONE.<\/h6>\n<h3 id=\"crescita-urbana-in-africa-e-in-asia\">CRESCITA URBANA IN AFRICA E IN ASIA.<\/h3>\n<p><a href=\"http:\/\/www.frankmendel.de\/wp-content\/uploads\/2015\/10\/FM_UE_002.jpg\"><img loading=\"lazy\" decoding=\"async\" class=\"alignnone size-full wp-image-1110\" src=\"http:\/\/www.frankmendel.de\/wp-content\/uploads\/2015\/10\/FM_UE_002.jpg\" alt=\"\" width=\"1500\" height=\"892\" srcset=\"https:\/\/www.frankmendel.de\/wp-content\/uploads\/2015\/10\/FM_UE_002.jpg 1500w, https:\/\/www.frankmendel.de\/wp-content\/uploads\/2015\/10\/FM_UE_002-300x178.jpg 300w, https:\/\/www.frankmendel.de\/wp-content\/uploads\/2015\/10\/FM_UE_002-768x457.jpg 768w, https:\/\/www.frankmendel.de\/wp-content\/uploads\/2015\/10\/FM_UE_002-1024x609.jpg 1024w, https:\/\/www.frankmendel.de\/wp-content\/uploads\/2015\/10\/FM_UE_002-387x230.jpg 387w, https:\/\/www.frankmendel.de\/wp-content\/uploads\/2015\/10\/FM_UE_002-410x244.jpg 410w\" sizes=\"auto, (max-width: 1500px) 100vw, 1500px\" \/><\/a><\/p>\n<p>Se consideriamo gli sviluppi globali fino al 2030, \u00e8 chiaro che la maggior parte degli abitanti delle citt\u00e0 vivr\u00e0 in Africa e in Asia.<br \/>\nNei prossimi anni, i tre paesi India, Cina e Nigeria da soli vedranno un miliardo di persone trasferirsi nelle loro citt\u00e0.<\/p>\n<p><a href=\"http:\/\/www.frankmendel.de\/wp-content\/uploads\/2015\/10\/Frank_Mendel_Urbane_Entwicklung_004.jpg\"><img loading=\"lazy\" decoding=\"async\" class=\"alignnone size-full wp-image-1225\" src=\"http:\/\/www.frankmendel.de\/wp-content\/uploads\/2015\/10\/Frank_Mendel_Urbane_Entwicklung_004.jpg\" alt=\"\" width=\"1500\" height=\"1200\" srcset=\"https:\/\/www.frankmendel.de\/wp-content\/uploads\/2015\/10\/Frank_Mendel_Urbane_Entwicklung_004.jpg 1500w, https:\/\/www.frankmendel.de\/wp-content\/uploads\/2015\/10\/Frank_Mendel_Urbane_Entwicklung_004-300x240.jpg 300w, https:\/\/www.frankmendel.de\/wp-content\/uploads\/2015\/10\/Frank_Mendel_Urbane_Entwicklung_004-768x614.jpg 768w, https:\/\/www.frankmendel.de\/wp-content\/uploads\/2015\/10\/Frank_Mendel_Urbane_Entwicklung_004-1024x819.jpg 1024w, https:\/\/www.frankmendel.de\/wp-content\/uploads\/2015\/10\/Frank_Mendel_Urbane_Entwicklung_004-288x230.jpg 288w, https:\/\/www.frankmendel.de\/wp-content\/uploads\/2015\/10\/Frank_Mendel_Urbane_Entwicklung_004-410x328.jpg 410w\" sizes=\"auto, (max-width: 1500px) 100vw, 1500px\" \/><\/a><\/p>\n<p>Saranno necessari <strong>ampi progetti edilizi<\/strong>. Per <strong>creare spazio abitativo<\/strong>. Per <strong>creare spazi di lavoro. Per costruire strutture per il tempo libero. Per migliorare la mobilit\u00e0.<\/strong><\/p>\n<h6 id=\"nuove-opportunita\">NUOVE OPPORTUNIT\u00c0.<\/h6>\n<h3 id=\"soluzioni-sostenibili\">SOLUZIONI SOSTENIBILI.<\/h3>\n<p><a href=\"http:\/\/www.frankmendel.de\/wp-content\/uploads\/2015\/10\/Frank_Mendel_Nachhaltigkeit_001.jpg\"><img loading=\"lazy\" decoding=\"async\" class=\"alignnone size-full wp-image-1105\" src=\"http:\/\/www.frankmendel.de\/wp-content\/uploads\/2015\/10\/Frank_Mendel_Nachhaltigkeit_001.jpg\" alt=\"\" width=\"1500\" height=\"1068\" srcset=\"https:\/\/www.frankmendel.de\/wp-content\/uploads\/2015\/10\/Frank_Mendel_Nachhaltigkeit_001.jpg 1500w, https:\/\/www.frankmendel.de\/wp-content\/uploads\/2015\/10\/Frank_Mendel_Nachhaltigkeit_001-300x214.jpg 300w, https:\/\/www.frankmendel.de\/wp-content\/uploads\/2015\/10\/Frank_Mendel_Nachhaltigkeit_001-768x547.jpg 768w, https:\/\/www.frankmendel.de\/wp-content\/uploads\/2015\/10\/Frank_Mendel_Nachhaltigkeit_001-1024x729.jpg 1024w, https:\/\/www.frankmendel.de\/wp-content\/uploads\/2015\/10\/Frank_Mendel_Nachhaltigkeit_001-323x230.jpg 323w, https:\/\/www.frankmendel.de\/wp-content\/uploads\/2015\/10\/Frank_Mendel_Nachhaltigkeit_001-410x292.jpg 410w\" sizes=\"auto, (max-width: 1500px) 100vw, 1500px\" \/><\/a><\/p>\n<p>Il rapido avanzamento dell&#8217;urbanizzazione, unito alla crescita della popolazione globale, pone l&#8217;umanit\u00e0 intera di fronte a sfide, compiti e decisioni.<br \/>\nAllo stesso tempo, queste sfide ci offrono <strong>opportunit\u00e0 uniche<\/strong> per sviluppare <strong>soluzioni intelligenti e sostenibili che migliorino la nostra vita.<\/strong><br \/>\nOra <strong>sta a noi<\/strong> cogliere queste opportunit\u00e0. <strong>Per i nostri figli. Per i nostri nipoti.<\/strong><\/p>\n<h6 id=\"nuova-vita\">NUOVA VITA.<\/h6>\n<h3 id=\"nuovi-concetti\">NUOVI CONCETTI.<\/h3>\n<p><a href=\"http:\/\/www.frankmendel.de\/wp-content\/uploads\/2015\/10\/Frank_Mendel_Budapest_Dohany_Utca.jpeg\"><img loading=\"lazy\" decoding=\"async\" class=\"alignnone size-full wp-image-1104\" src=\"http:\/\/www.frankmendel.de\/wp-content\/uploads\/2015\/10\/Frank_Mendel_Budapest_Dohany_Utca.jpeg\" alt=\"\" width=\"2587\" height=\"1714\" srcset=\"https:\/\/www.frankmendel.de\/wp-content\/uploads\/2015\/10\/Frank_Mendel_Budapest_Dohany_Utca.jpeg 2587w, https:\/\/www.frankmendel.de\/wp-content\/uploads\/2015\/10\/Frank_Mendel_Budapest_Dohany_Utca-300x199.jpeg 300w, https:\/\/www.frankmendel.de\/wp-content\/uploads\/2015\/10\/Frank_Mendel_Budapest_Dohany_Utca-768x509.jpeg 768w, https:\/\/www.frankmendel.de\/wp-content\/uploads\/2015\/10\/Frank_Mendel_Budapest_Dohany_Utca-1024x678.jpeg 1024w, https:\/\/www.frankmendel.de\/wp-content\/uploads\/2015\/10\/Frank_Mendel_Budapest_Dohany_Utca-347x230.jpeg 347w, https:\/\/www.frankmendel.de\/wp-content\/uploads\/2015\/10\/Frank_Mendel_Budapest_Dohany_Utca-410x272.jpeg 410w\" sizes=\"auto, (max-width: 2587px) 100vw, 2587px\" \/><\/a><\/p>\n<p>I nostri <strong>antenati<\/strong> costruivano spesso case molto <strong>belle e adatte alla regione.<\/strong><\/p>\n<p>Per esempio, sono passato davanti a questo bellissimo esemplare (vedi sopra) mentre tornavo in albergo a Budapest attraverso Doh\u00e1ny Utca. Mi chiedo&#8230;<\/p>\n<p><em>\u00a0\u201eCom&#8217;\u00e8 possibile che al giorno d&#8217;oggi commissioniamo spesso agli architetti la costruzione di case popolari senz&#8217;anima e mal isolate, molte delle quali durano a malapena una generazione?\u201c<\/em><\/p>\n<p><em>\u201eCome possiamo rendere i nostri processi di costruzione pi\u00f9 accessibili in futuro e allo stesso tempo creare case belle, resistenti ed efficienti dal punto di vista energetico?\u201c<\/em><\/p>\n<p>&#8220;Dovremmo noi &#8220;cittadini&#8221; avere voce in capitolo su quali edifici possono essere costruiti nella &#8220;nostra strada o quartiere&#8221;?<br \/>\nAlcuni di noi sarebbero sicuramente contenti&#8221;.<\/p>\n<h6 id=\"nuove-prospettive-nuove-possibilita\">NUOVE PROSPETTIVE. NUOVE POSSIBILIT\u00c0.<strong><br \/>\n<\/strong><\/h6>\n<h3 id=\"creativita-urbana\">CREATIVIT\u00c0 URBANA.<\/h3>\n<p>Le citt\u00e0 offrono da tempo opportunit\u00e0 per lo sport, il gioco e il tempo libero. Campi sportivi pubblici, piste di pattinaggio, piscine, parchi giochi, piste ciclabili e parchi sono onnipresenti nella maggior parte delle citt\u00e0.<\/p>\n<p>Molti dei <strong>nuovi progetti urbani<\/strong> dimostrano anche un&#8217;enorme creativit\u00e0.<\/p>\n<p>Aprono <strong>nuove prospettive<\/strong> e <strong>possibilit\u00e0 interessanti<\/strong> per quanto riguarda gli <strong>spazi urbani precedentemente non utilizzati.<\/strong><\/p>\n<p><a href=\"http:\/\/www.frankmendel.de\/wp-content\/uploads\/2015\/10\/FM_B_001.jpg\"><img loading=\"lazy\" decoding=\"async\" class=\"alignnone size-full wp-image-1100\" src=\"http:\/\/www.frankmendel.de\/wp-content\/uploads\/2015\/10\/FM_B_001.jpg\" alt=\"\" width=\"820\" height=\"461\" srcset=\"https:\/\/www.frankmendel.de\/wp-content\/uploads\/2015\/10\/FM_B_001.jpg 820w, https:\/\/www.frankmendel.de\/wp-content\/uploads\/2015\/10\/FM_B_001-300x169.jpg 300w, https:\/\/www.frankmendel.de\/wp-content\/uploads\/2015\/10\/FM_B_001-768x432.jpg 768w, https:\/\/www.frankmendel.de\/wp-content\/uploads\/2015\/10\/FM_B_001-409x230.jpg 409w, https:\/\/www.frankmendel.de\/wp-content\/uploads\/2015\/10\/FM_B_001-410x231.jpg 410w\" sizes=\"auto, (max-width: 820px) 100vw, 820px\" \/><\/a><\/p>\n<p>Ad esempio, per la &#8220;<strong>Bentway<\/strong>&#8221; di <strong>Toronto<\/strong>, \u00e8 stata <strong>riprogettata<\/strong> un&#8217;<strong>area dismessa lunga 1,75 chilometri al di sotto di una strada sopraelevata.<\/strong><\/p>\n<p><a href=\"http:\/\/www.frankmendel.de\/wp-content\/uploads\/2015\/10\/FM_UT_001.jpeg\"><img loading=\"lazy\" decoding=\"async\" class=\"alignnone size-full wp-image-1103\" src=\"http:\/\/www.frankmendel.de\/wp-content\/uploads\/2015\/10\/FM_UT_001.jpeg\" alt=\"\" width=\"640\" height=\"437\" srcset=\"https:\/\/www.frankmendel.de\/wp-content\/uploads\/2015\/10\/FM_UT_001.jpeg 640w, https:\/\/www.frankmendel.de\/wp-content\/uploads\/2015\/10\/FM_UT_001-300x205.jpeg 300w, https:\/\/www.frankmendel.de\/wp-content\/uploads\/2015\/10\/FM_UT_001-337x230.jpeg 337w, https:\/\/www.frankmendel.de\/wp-content\/uploads\/2015\/10\/FM_UT_001-410x280.jpeg 410w\" sizes=\"auto, (max-width: 640px) 100vw, 640px\" \/><\/a><\/p>\n<h3 id=\"\"><\/h3>\n<h3 id=\"sport-urbani\">SPORT URBANI.<\/h3>\n<p>Da qualche tempo, gli urbanisti pi\u00f9 innovativi si stanno concentrando <strong>su aree urbane precedentemente trascurate<\/strong>. Anche gli attivisti e gli imprenditori locali stanno guardando con attenzione.<\/p>\n<p>A Glasgow, ad esempio, verr\u00e0 costruito un <strong>parco sportivo per i giovani sotto una parte dell&#8217;autostrada M74.<\/strong><\/p>\n<p>L&#8217;intera area \u00e8 stata a lungo un terreno incolto, <strong>fino a quando qualcuno non ha riconosciuto l&#8217;enorme potenziale di questa zona.<\/strong> E ora lo spazio sotto l&#8217;autostrada M74 si sta trasformando in <strong>un luogo estetico. Per nuovi sport urbani. Per socializzare.<\/strong><\/p>\n<p>In un terreno libero di Brooklyn, un quartiere di New York, \u00e8 stato creato un parco per biciclette per bambini.<\/p>\n<p><a href=\"http:\/\/www.frankmendel.de\/wp-content\/uploads\/2015\/10\/FM_BBP_001.jpg\"><img loading=\"lazy\" decoding=\"async\" class=\"alignnone size-full wp-image-1101\" src=\"http:\/\/www.frankmendel.de\/wp-content\/uploads\/2015\/10\/FM_BBP_001.jpg\" alt=\"\" width=\"2048\" height=\"1366\" srcset=\"https:\/\/www.frankmendel.de\/wp-content\/uploads\/2015\/10\/FM_BBP_001.jpg 2048w, https:\/\/www.frankmendel.de\/wp-content\/uploads\/2015\/10\/FM_BBP_001-300x200.jpg 300w, https:\/\/www.frankmendel.de\/wp-content\/uploads\/2015\/10\/FM_BBP_001-768x512.jpg 768w, https:\/\/www.frankmendel.de\/wp-content\/uploads\/2015\/10\/FM_BBP_001-1024x683.jpg 1024w, https:\/\/www.frankmendel.de\/wp-content\/uploads\/2015\/10\/FM_BBP_001-345x230.jpg 345w, https:\/\/www.frankmendel.de\/wp-content\/uploads\/2015\/10\/FM_BBP_001-410x273.jpg 410w\" sizes=\"auto, (max-width: 2048px) 100vw, 2048px\" \/><\/a><\/p>\n<p>A Mumbai, gli imprenditori locali hanno <strong>realizzato campi in erba artificiale<\/strong> su terreni <strong>inutilizzati<\/strong> e hanno sfruttato la popolarit\u00e0 del calcio a 5.<\/p>\n<p><a href=\"http:\/\/www.frankmendel.de\/wp-content\/uploads\/2015\/10\/FM_FB_001.jpg\"><img loading=\"lazy\" decoding=\"async\" class=\"alignnone size-full wp-image-1102\" src=\"http:\/\/www.frankmendel.de\/wp-content\/uploads\/2015\/10\/FM_FB_001.jpg\" alt=\"\" width=\"900\" height=\"600\" srcset=\"https:\/\/www.frankmendel.de\/wp-content\/uploads\/2015\/10\/FM_FB_001.jpg 900w, https:\/\/www.frankmendel.de\/wp-content\/uploads\/2015\/10\/FM_FB_001-300x200.jpg 300w, https:\/\/www.frankmendel.de\/wp-content\/uploads\/2015\/10\/FM_FB_001-768x512.jpg 768w, https:\/\/www.frankmendel.de\/wp-content\/uploads\/2015\/10\/FM_FB_001-345x230.jpg 345w, https:\/\/www.frankmendel.de\/wp-content\/uploads\/2015\/10\/FM_FB_001-410x273.jpg 410w\" sizes=\"auto, (max-width: 900px) 100vw, 900px\" \/><\/a><\/p>\n<h2 id=\"palestra-urbana\">PALESTRA URBANA.<\/h2>\n<p>I grandi progetti richiedono sempre approvazioni urbanistiche e sovvenzioni. Questo \u00e8 l&#8217;unico modo per garantire che questi progetti durino a lungo. In cambio, i residenti e i visitatori beneficiano dei nuovi sviluppi a lungo termine.<\/p>\n<p>Ma anche i <strong>progetti pi\u00f9 piccoli non vanno mai sottovalutati.<\/strong><\/p>\n<p>Molti sono <strong>di ispirazione locale e straordinariamente visionari.<\/strong><\/p>\n<p><strong>I progetti di palestre urbane<\/strong>, ad esempio, possono rivelare <strong>nuove angolazioni e possibilit\u00e0 creative<\/strong> per un <strong>utilizzo attraente dello spazio<\/strong>.<\/p>\n<h5 id=\"parkour\">PARKOUR<\/h5>\n<p>&#8230;\u00e8 probabilmente il pi\u00f9 antico e il pi\u00f9 conosciuto dei nuovi sport urbani. \u00c8 stato sviluppato originariamente in Francia. Ispirato all&#8217;addestramento militare, il parkour consiste in un percorso a ostacoli su strutture naturali e costruite. Attraverso continui salti, corse, saltelli, rotolamenti e arrampicate, il parkour offre un carattere competitivo e allo stesso tempo un ottimo allenamento.<\/p>\n<p><a href=\"http:\/\/www.frankmendel.de\/wp-content\/uploads\/2015\/10\/Frank_Mendel_Urbane_Entwicklung_003.jpg\"><img loading=\"lazy\" decoding=\"async\" class=\"alignnone size-full wp-image-1108\" src=\"http:\/\/www.frankmendel.de\/wp-content\/uploads\/2015\/10\/Frank_Mendel_Urbane_Entwicklung_003.jpg\" alt=\"\" width=\"1500\" height=\"894\" srcset=\"https:\/\/www.frankmendel.de\/wp-content\/uploads\/2015\/10\/Frank_Mendel_Urbane_Entwicklung_003.jpg 1500w, https:\/\/www.frankmendel.de\/wp-content\/uploads\/2015\/10\/Frank_Mendel_Urbane_Entwicklung_003-300x179.jpg 300w, https:\/\/www.frankmendel.de\/wp-content\/uploads\/2015\/10\/Frank_Mendel_Urbane_Entwicklung_003-768x458.jpg 768w, https:\/\/www.frankmendel.de\/wp-content\/uploads\/2015\/10\/Frank_Mendel_Urbane_Entwicklung_003-1024x610.jpg 1024w, https:\/\/www.frankmendel.de\/wp-content\/uploads\/2015\/10\/Frank_Mendel_Urbane_Entwicklung_003-386x230.jpg 386w, https:\/\/www.frankmendel.de\/wp-content\/uploads\/2015\/10\/Frank_Mendel_Urbane_Entwicklung_003-410x244.jpg 410w\" sizes=\"auto, (max-width: 1500px) 100vw, 1500px\" \/><\/a><\/p>\n<h5 id=\"calisthenics\">CALISTHENICS<\/h5>\n<p>&#8230; la noia sembra diversa :-))<\/p>\n<p><a href=\"http:\/\/www.frankmendel.de\/wp-content\/uploads\/2015\/10\/Frank_Mendel_Urbane_Entwicklung_002.jpg\"><img loading=\"lazy\" decoding=\"async\" class=\"alignnone size-full wp-image-1107\" src=\"http:\/\/www.frankmendel.de\/wp-content\/uploads\/2015\/10\/Frank_Mendel_Urbane_Entwicklung_002.jpg\" alt=\"\" width=\"1500\" height=\"1036\" srcset=\"https:\/\/www.frankmendel.de\/wp-content\/uploads\/2015\/10\/Frank_Mendel_Urbane_Entwicklung_002.jpg 1500w, https:\/\/www.frankmendel.de\/wp-content\/uploads\/2015\/10\/Frank_Mendel_Urbane_Entwicklung_002-300x207.jpg 300w, https:\/\/www.frankmendel.de\/wp-content\/uploads\/2015\/10\/Frank_Mendel_Urbane_Entwicklung_002-768x530.jpg 768w, https:\/\/www.frankmendel.de\/wp-content\/uploads\/2015\/10\/Frank_Mendel_Urbane_Entwicklung_002-1024x707.jpg 1024w, https:\/\/www.frankmendel.de\/wp-content\/uploads\/2015\/10\/Frank_Mendel_Urbane_Entwicklung_002-333x230.jpg 333w, https:\/\/www.frankmendel.de\/wp-content\/uploads\/2015\/10\/Frank_Mendel_Urbane_Entwicklung_002-410x283.jpg 410w\" sizes=\"auto, (max-width: 1500px) 100vw, 1500px\" \/><\/a><\/p>\n<p>Come fai a tenerti in forma nella tua citt\u00e0?<\/p>\n<p>In ogni caso, ora esco e passeggio nel parco per un&#8217;altra mezz&#8217;ora.<\/p>\n<p>Grazie per aver letto.<\/p>\n<p>Opinioni e commenti sono ben graditi.<\/p>\n<p>Hai richieste, commenti o domande?<\/p>\n<p>Non vedo l&#8217;ora di sentirti.<\/p>\n<p>Cordiali saluti, Frank Mendel<\/p>\n<hr \/>\n<hr \/>\n<p>I diritti d&#8217;immagine nel mio post sul blog &#8220;Sviluppo urbano. Mondo urbano. Pensieri&#8230;&#8221; sono di propriet\u00e0 di ||| Images 01, 03, 04, 10, 11: (c) copyright by shutterstock |||\u00a0 Images 02, 05: (c) copyright by Frank Mendel ||| Images 06: (c) copyright by dpa ||| Image 07: (c) copyright by urbantoronto ||| Image 08: (c) copyright by NYT ||| Image 09: (c) copyright by focus sports.","protected":false},"excerpt":{"rendered":"<p>Negli ultimi cinquant&#8217;anni sono successe molte cose. Il numero di persone sul nostro pianeta \u00e8 in aumento. Ma anche la distribuzione delle persone sta cambiando. Quasi la met\u00e0 dell&#8217;intera popolazione&hellip;<\/p>\n","protected":false},"author":3,"featured_media":1106,"comment_status":"closed","ping_status":"open","sticky":false,"template":"","format":"standard","meta":{"footnotes":""},"categories":[69,68,62,12,82,34,71,70,81,56,25,11],"tags":[],"powerkit_post_featured":[],"class_list":{"0":"post-1098","1":"post","2":"type-post","3":"status-publish","4":"format-standard","5":"has-post-thumbnail","7":"category-globalisation","8":"category-globalisierung","9":"category-good-ideas","10":"category-gute-ideen","11":"category-imco-international-media-and-marketing-cooperations","12":"category-international","13":"category-internationalisation","14":"category-internationalisierung","15":"category-mobilise-the-world","16":"category-shape-the-future","17":"category-urban","18":"category-zukunft-gestalten"},"_links":{"self":[{"href":"https:\/\/www.frankmendel.de\/it\/wp-json\/wp\/v2\/posts\/1098","targetHints":{"allow":["GET"]}}],"collection":[{"href":"https:\/\/www.frankmendel.de\/it\/wp-json\/wp\/v2\/posts"}],"about":[{"href":"https:\/\/www.frankmendel.de\/it\/wp-json\/wp\/v2\/types\/post"}],"author":[{"embeddable":true,"href":"https:\/\/www.frankmendel.de\/it\/wp-json\/wp\/v2\/users\/3"}],"replies":[{"embeddable":true,"href":"https:\/\/www.frankmendel.de\/it\/wp-json\/wp\/v2\/comments?post=1098"}],"version-history":[{"count":9,"href":"https:\/\/www.frankmendel.de\/it\/wp-json\/wp\/v2\/posts\/1098\/revisions"}],"predecessor-version":[{"id":1473,"href":"https:\/\/www.frankmendel.de\/it\/wp-json\/wp\/v2\/posts\/1098\/revisions\/1473"}],"wp:featuredmedia":[{"embeddable":true,"href":"https:\/\/www.frankmendel.de\/it\/wp-json\/wp\/v2\/media\/1106"}],"wp:attachment":[{"href":"https:\/\/www.frankmendel.de\/it\/wp-json\/wp\/v2\/media?parent=1098"}],"wp:term":[{"taxonomy":"category","embeddable":true,"href":"https:\/\/www.frankmendel.de\/it\/wp-json\/wp\/v2\/categories?post=1098"},{"taxonomy":"post_tag","embeddable":true,"href":"https:\/\/www.frankmendel.de\/it\/wp-json\/wp\/v2\/tags?post=1098"},{"taxonomy":"powerkit_post_featured","embeddable":true,"href":"https:\/\/www.frankmendel.de\/it\/wp-json\/wp\/v2\/powerkit_post_featured?post=1098"}],"curies":[{"name":"wp","href":"https:\/\/api.w.org\/{rel}","templated":true}]}}