{"id":319,"date":"2025-06-10T01:22:15","date_gmt":"2025-06-09T23:22:15","guid":{"rendered":"http:\/\/www.frankmendel.de\/?p=319"},"modified":"2025-10-24T20:54:08","modified_gmt":"2025-10-24T18:54:08","slug":"welche-staedte-machen-gluecklich","status":"publish","type":"post","link":"https:\/\/www.frankmendel.de\/it\/2025\/06\/10\/welche-staedte-machen-gluecklich\/","title":{"rendered":"QUALI CITT\u00c0 TI RENDONO FELICE."},"content":{"rendered":"<h1 id=\"cose-la-gioia-di-vivere-urbana\">COS&#8217;\u00c8 LA GIOIA DI VIVERE URBANA.<\/h1>\n<p><strong>\u00c8 l&#8217;internazionalit\u00e0 \u2219 \u00e8 l&#8217;opportunit\u00e0 di un buon lavoro \u2219 \u00e8 l&#8217;opportunit\u00e0 per la famiglia \u2219 \u00e8 lo sport \u2219 \u00e8 la cultura \u2219 \u00e8 l&#8217;intrattenimento \u2219 \u00e8 il divertimento \u2219 \u00e8 l&#8217;istruzione &#8211; la mobilit\u00e0&#8230;? &#8230;<\/strong><\/p>\n<p><strong>Nella mia vita mi sono trasferito spesso. <\/strong><\/p>\n<p>Ho avuto l\u2019opportunit\u00e0 di conoscere diverse citt\u00e0, paesi, persone e culture. Per queste esperienze ringrazio la mia famiglia, i miei amici e, naturalmente, i miei datori di lavoro, clienti, partner e colleghi. Lavorare insieme a loro con successo, ideare, pianificare, realizzare, imparare e vivere, \u00e8 meraviglioso.<\/p>\n<p>Sul tema &#8220;abitare e vivere&#8221; ho ormai preso una decisione che per me \u00e8 molto importante:<\/p>\n<p>Preferisco abitare nel cuore della citt\u00e0.<\/p>\n<p>Mi piace semplicemente. Essere nel mezzo. Amo la variet\u00e0. I colori. Naturalmente le citt\u00e0 non sono ovunque belle. Ci sono anche zone chiassose, sporche e pericolose. Le citt\u00e0 ci mostrano possibilit\u00e0. Offrono prospettive. Qui vivono molte persone diverse tra loro. Questo mi fa bene. Questo mi rende felice.<\/p>\n<p>Da tempo sono alla ricerca di <strong>risposte<\/strong> conclusive<strong> alle seguenti tre domande<\/strong> nelle principali aree tematiche della &#8220;citt\u00e0&#8221; e della &#8220;vita urbana&#8221;. Soprattutto per quanto riguarda il <strong>successo orientato al futuro<\/strong> di <strong>efficaci soluzioni di marketing internazionale<\/strong> e di <strong>seri progetti di marketing urbano&#8230;<\/strong><\/p>\n<h4 id=\"quali-citta-ci-rendono-davvero-felici\"><strong>QUALI CITT\u00c0 CI RENDONO DAVVERO FELICI.<\/strong><\/h4>\n<h4 id=\"si-puo-misurare-la-gioia-di-vivere-in-ambiente-urbano\">SI PU\u00d2 MISURARE LA GIOIA DI VIVERE IN AMBIENTE URBANO.<\/h4>\n<h4 id=\"che-tipo-di-anima-ha-la-mia-citta\"><strong>CHE TIPO DI ANIMA HA LA MIA CITT\u00c0.<\/strong><\/h4>\n<p>Recentemente, un team del rinomato <strong>Istituto Rheingold<\/strong> di Colonia ha analizzato in modo approfondito queste tre domande. Con un entusiasmante studio a livello europeo. Per conto della casa automobilistica <strong>Daimler<\/strong>.<\/p>\n<p><a href=\"http:\/\/www.frankmendel.de\/wp-content\/uploads\/2015\/11\/02_Bild_848_398.jpg\"><img loading=\"lazy\" decoding=\"async\" class=\"aligncenter wp-image-321 size-full\" src=\"http:\/\/www.frankmendel.de\/wp-content\/uploads\/2015\/11\/02_Bild_848_398.jpg\" alt=\"\" width=\"848\" height=\"398\" srcset=\"https:\/\/www.frankmendel.de\/wp-content\/uploads\/2015\/11\/02_Bild_848_398.jpg 848w, https:\/\/www.frankmendel.de\/wp-content\/uploads\/2015\/11\/02_Bild_848_398-300x141.jpg 300w, https:\/\/www.frankmendel.de\/wp-content\/uploads\/2015\/11\/02_Bild_848_398-490x230.jpg 490w, https:\/\/www.frankmendel.de\/wp-content\/uploads\/2015\/11\/02_Bild_848_398-410x192.jpg 410w\" sizes=\"auto, (max-width: 848px) 100vw, 848px\" \/><\/a>Per avere un&#8217;idea della situazione, a <strong>100 residenti di 31 citt\u00e0 europee piccole e grandi<\/strong> sono state poste numerose domande. Le domande riguardano sei aree. Le risposte hanno un unico obiettivo: mostrare e raffigurare la <strong>GIOIA DI VIVERE URBANA<\/strong> nel modo pi\u00f9 accurato possibile.<\/p>\n<p>Il team di rheingold ha intervistato oltre <strong>3000 residenti<\/strong> di <strong>dieci paesi europei<\/strong>. Compila una classifica sulla base di interviste e sondaggi. Dai colloqui e dai sondaggi viene elaborata una classifica: una graduatoria delle citt\u00e0 vincitrici, <strong>quelle che rendono i propri abitanti \u201cparticolarmente felici\u201d.<\/strong><\/p>\n<p>In Italia, ad esempio, le persone intervistate provengono da <strong>Torino, Roma, Milano<\/strong> e <strong>Napoli<\/strong>. In Germania, gli abitanti di <strong>Francoforte, Berlino, Monaco, Amburgo<\/strong> e <strong>Colonia<\/strong> dicono la loro. In Spagna, gli abitanti di <strong>Valencia, Barcellona, Madrid<\/strong> e <strong>Siviglia<\/strong> dicono la loro. In Francia, gli abitanti di <strong>Lione, Parigi, Bordeaux<\/strong> e <strong>Marsiglia<\/strong> condividono con noi le loro opinioni personali sulle loro citt\u00e0&#8230;<\/p>\n<p><a href=\"http:\/\/www.frankmendel.de\/wp-content\/uploads\/2015\/11\/03_Bild_824_464.jpg\"><img loading=\"lazy\" decoding=\"async\" class=\"alignleft wp-image-322 size-full\" src=\"http:\/\/www.frankmendel.de\/wp-content\/uploads\/2015\/11\/03_Bild_824_464.jpg\" alt=\"\" width=\"824\" height=\"464\" srcset=\"https:\/\/www.frankmendel.de\/wp-content\/uploads\/2015\/11\/03_Bild_824_464.jpg 824w, https:\/\/www.frankmendel.de\/wp-content\/uploads\/2015\/11\/03_Bild_824_464-300x169.jpg 300w, https:\/\/www.frankmendel.de\/wp-content\/uploads\/2015\/11\/03_Bild_824_464-408x230.jpg 408w, https:\/\/www.frankmendel.de\/wp-content\/uploads\/2015\/11\/03_Bild_824_464-410x231.jpg 410w\" sizes=\"auto, (max-width: 824px) 100vw, 824px\" \/><\/a><strong>La GIOIA DI VIVERE URBANA viene misurata<\/strong> sulla base di<strong> sei fattori<\/strong> che caratterizzano la <strong>sensazione di vivere nelle nostre citt\u00e0: &#8220;Il grande insieme&#8221;, &#8220;Diversit\u00e0 contrastante&#8221;, &#8220;Vivacit\u00e0 inebriante&#8221;, &#8220;Casa di paese&#8221;, &#8220;Infrastruttura completa&#8221;, &#8220;Reinvenzione costante&#8221;.<\/strong><\/p>\n<p>Queste sei aree influenzano la <strong>misura della nostra felicit\u00e0 urbana<\/strong> e quindi essenzialmente l&#8217;<strong>URBAN JOY INDEX<\/strong>. Allo stesso tempo, noi abitanti delle citt\u00e0 percepiamo questi sei fattori come <strong>sfide quotidiane<\/strong>.<\/p>\n<p><strong>La VERA GIOIA DI VIVERE URBANA<\/strong> si manifesta quando riusciamo ad <strong>affrontare con successo<\/strong> questi sei ambiti <strong>nella nostra vita di tutti i giorni<\/strong>.<\/p>\n<p><a href=\"http:\/\/www.frankmendel.de\/wp-content\/uploads\/2015\/11\/04_Bild_1031_752.jpg\"><img loading=\"lazy\" decoding=\"async\" class=\"alignleft wp-image-323\" src=\"http:\/\/www.frankmendel.de\/wp-content\/uploads\/2015\/11\/04_Bild_1031_752-300x219.jpg\" alt=\"\" width=\"300\" height=\"219\" srcset=\"https:\/\/www.frankmendel.de\/wp-content\/uploads\/2015\/11\/04_Bild_1031_752-300x219.jpg 300w, https:\/\/www.frankmendel.de\/wp-content\/uploads\/2015\/11\/04_Bild_1031_752-1024x747.jpg 1024w, https:\/\/www.frankmendel.de\/wp-content\/uploads\/2015\/11\/04_Bild_1031_752-315x230.jpg 315w, https:\/\/www.frankmendel.de\/wp-content\/uploads\/2015\/11\/04_Bild_1031_752-410x299.jpg 410w, https:\/\/www.frankmendel.de\/wp-content\/uploads\/2015\/11\/04_Bild_1031_752.jpg 1031w\" sizes=\"auto, (max-width: 300px) 100vw, 300px\" \/><\/a>Ad esempio, nella categoria &#8220;Il grande insieme&#8221;, ci viene chiesto se noi residenti possiamo confermare affermazioni come&#8230;<\/p>\n<p><strong>&#8220;Nella mia citt\u00e0 si svolgono eventi importanti e significativi in ambito politico, culturale e sociale&#8221;.<\/strong><\/p>\n<p>Oppure se consideriamo la nostra citt\u00e0 <strong>abbastanza &#8220;internazionale&#8221; e &#8220;diversificata&#8221;.<\/strong><\/p>\n<p>Nel determinare la <strong>URBANEN LEBENSFREUDE<\/strong> si tiene conto anche <strong>degli aspetti negativi delle grandi citt\u00e0<\/strong>. Ad esempio, le domande su &#8220;<strong>affitti in aumento<\/strong>&#8221; o &#8220;<strong>prezzi elevati<\/strong>&#8220;.<\/p>\n<p>Da tutte le risposte fornite viene calcolato per ogni citt\u00e0 un valore indice individuale relativo alla<strong> URBAN JOY<\/strong>. L&#8217;<strong>URBAN JOY INDEX<\/strong>. Ogni citt\u00e0 pu\u00f2 ottenere <strong>un massimo di 100 punti<\/strong>.<\/p>\n<p><a href=\"http:\/\/www.frankmendel.de\/wp-content\/uploads\/2015\/11\/05_Bild_931_543.jpg\"><img loading=\"lazy\" decoding=\"async\" class=\"alignleft wp-image-324 size-full\" src=\"http:\/\/www.frankmendel.de\/wp-content\/uploads\/2015\/11\/05_Bild_931_543.jpg\" alt=\"\" width=\"931\" height=\"543\" srcset=\"https:\/\/www.frankmendel.de\/wp-content\/uploads\/2015\/11\/05_Bild_931_543.jpg 931w, https:\/\/www.frankmendel.de\/wp-content\/uploads\/2015\/11\/05_Bild_931_543-300x175.jpg 300w, https:\/\/www.frankmendel.de\/wp-content\/uploads\/2015\/11\/05_Bild_931_543-394x230.jpg 394w, https:\/\/www.frankmendel.de\/wp-content\/uploads\/2015\/11\/05_Bild_931_543-410x239.jpg 410w\" sizes=\"auto, (max-width: 931px) 100vw, 931px\" \/><\/a>Una notizia positiva dal punto di vista tedesco: secondo le valutazioni, la Germania conquista la prima posizione tra i dieci paesi europei coinvolti. Tutte e cinque le citt\u00e0 tedesche intervistate ottengono punteggi medio-alti e alti nei risultati del sondaggio, raggiungendo insieme un valore medio di 75,16 su 100 punti possibili. Naturalmente, per\u00f2, anche in altri paesi si pu\u00f2 vivere \u201cpi\u00f9 che bene\u201d\u2026<\/p>\n<p><a href=\"http:\/\/www.frankmendel.de\/wp-content\/uploads\/2015\/11\/06_Bild_849_339.jpg\"><img loading=\"lazy\" decoding=\"async\" class=\"alignnone wp-image-325 size-full\" src=\"http:\/\/www.frankmendel.de\/wp-content\/uploads\/2015\/11\/06_Bild_849_339.jpg\" alt=\"\" width=\"849\" height=\"339\" srcset=\"https:\/\/www.frankmendel.de\/wp-content\/uploads\/2015\/11\/06_Bild_849_339.jpg 849w, https:\/\/www.frankmendel.de\/wp-content\/uploads\/2015\/11\/06_Bild_849_339-300x120.jpg 300w, https:\/\/www.frankmendel.de\/wp-content\/uploads\/2015\/11\/06_Bild_849_339-576x230.jpg 576w, https:\/\/www.frankmendel.de\/wp-content\/uploads\/2015\/11\/06_Bild_849_339-410x164.jpg 410w\" sizes=\"auto, (max-width: 849px) 100vw, 849px\" \/><\/a><\/p>\n<p>C&#8217;\u00e8 anche un fanalino di coda: MARSIGLIA. La citt\u00e0 portuale francese raggiunge purtroppo solo 58 punti in termini di gioia di vivere urbana, classificandosi all\u2019ultimo posto tra le 31 citt\u00e0 europee analizzate. Quasi un abitante su due afferma di non voler continuare a vivere a lungo a Marsiglia (44%). Anche affermazioni come: \u201cMi piace vivere nella mia citt\u00e0 e non riesco a immaginare di vivere altrove\u201d ottengono un basso consenso (solo il 47%), cos\u00ec come: \u201cSono felice di essere un abitante della mia citt\u00e0\u201d (solo il 59%).<\/p>\n<p><a href=\"http:\/\/www.frankmendel.de\/wp-content\/uploads\/2015\/11\/07_Bild_939_361.jpg\"><img loading=\"lazy\" decoding=\"async\" class=\"alignleft wp-image-326 size-full\" src=\"http:\/\/www.frankmendel.de\/wp-content\/uploads\/2015\/11\/07_Bild_939_361.jpg\" alt=\"\" width=\"939\" height=\"361\" srcset=\"https:\/\/www.frankmendel.de\/wp-content\/uploads\/2015\/11\/07_Bild_939_361.jpg 939w, https:\/\/www.frankmendel.de\/wp-content\/uploads\/2015\/11\/07_Bild_939_361-300x115.jpg 300w, https:\/\/www.frankmendel.de\/wp-content\/uploads\/2015\/11\/07_Bild_939_361-598x230.jpg 598w, https:\/\/www.frankmendel.de\/wp-content\/uploads\/2015\/11\/07_Bild_939_361-410x158.jpg 410w\" sizes=\"auto, (max-width: 939px) 100vw, 939px\" \/><\/a>Lo ammetto: sono da anni un grande appassionato dell\u2019Italia. Proprio per questo mi ha sorpreso vedere che anche le due metropoli italiane MILANO e NAPOLI si collocano agli ultimi posti della classifica, al 29\u00b0 e 30\u00b0 posto. Il povero Sud italiano, quindi, non \u00e8 molto distante dal ricco Nord. NAPOLI ottiene complessivamente 62 punti nell\u2019Urban Joy Index. Solo il 64% degli intervistati considera Napoli una citt\u00e0 attraente. Quasi la met\u00e0 dei cittadini intervistati afferma di voler lasciare la citt\u00e0 nel medio termine. Almeno sul fronte della scena culturale alternativa, Napoli raccoglie consensi da parte dell\u201980% dei suoi abitanti.<\/p>\n<p><a href=\"http:\/\/www.frankmendel.de\/wp-content\/uploads\/2015\/11\/08_Bild_856_521.jpg\"><img loading=\"lazy\" decoding=\"async\" class=\"alignnone wp-image-327 size-full\" src=\"http:\/\/www.frankmendel.de\/wp-content\/uploads\/2015\/11\/08_Bild_856_521.jpg\" alt=\"\" width=\"856\" height=\"521\" srcset=\"https:\/\/www.frankmendel.de\/wp-content\/uploads\/2015\/11\/08_Bild_856_521.jpg 856w, https:\/\/www.frankmendel.de\/wp-content\/uploads\/2015\/11\/08_Bild_856_521-300x183.jpg 300w, https:\/\/www.frankmendel.de\/wp-content\/uploads\/2015\/11\/08_Bild_856_521-378x230.jpg 378w, https:\/\/www.frankmendel.de\/wp-content\/uploads\/2015\/11\/08_Bild_856_521-410x250.jpg 410w\" sizes=\"auto, (max-width: 856px) 100vw, 856px\" \/><\/a><\/p>\n<p>MILANO, invece, \u00e8 considerata da ben il 90% dei suoi abitanti un centro importante per politica, cultura e moda \u2013 un valore persino superiore a quello registrato tra gli abitanti della capitale Roma. Per l\u201988% dei milanesi, la propria citt\u00e0 \u00e8 \u201cla citt\u00e0 della moda e delle tendenze\u201d. Tuttavia, oltre l\u201981% ritiene che Milano sia \u201ctroppo cara\u201d. Molti affermano che nella citt\u00e0 \u201csi \u00e8 sempre costretti a lottare per riuscire ad andare avanti\u201d, e ci\u00f2 rende insoddisfatti molti dei suoi abitanti.<\/p>\n<p><a href=\"http:\/\/www.frankmendel.de\/wp-content\/uploads\/2015\/11\/09_Bild_849_451.jpg\"><img loading=\"lazy\" decoding=\"async\" class=\"alignnone wp-image-328 size-full\" src=\"http:\/\/www.frankmendel.de\/wp-content\/uploads\/2015\/11\/09_Bild_849_451.jpg\" alt=\"\" width=\"849\" height=\"451\" srcset=\"https:\/\/www.frankmendel.de\/wp-content\/uploads\/2015\/11\/09_Bild_849_451.jpg 849w, https:\/\/www.frankmendel.de\/wp-content\/uploads\/2015\/11\/09_Bild_849_451-300x159.jpg 300w, https:\/\/www.frankmendel.de\/wp-content\/uploads\/2015\/11\/09_Bild_849_451-433x230.jpg 433w, https:\/\/www.frankmendel.de\/wp-content\/uploads\/2015\/11\/09_Bild_849_451-410x218.jpg 410w\" sizes=\"auto, (max-width: 849px) 100vw, 849px\" \/><\/a><\/p>\n<p>Sorprendentemente, anche BRUXELLES si \u00e8 piazzata all&#8217;ultimo posto. Al 28\u00b0 posto tra le 31 citt\u00e0 europee prese in esame. A prima vista, \u00e8 difficile comprendere questo scarso risultato. Ma dopo un&#8217;analisi pi\u00f9 approfondita, diventa pi\u00f9 chiaro. Molti cittadini di BRUXELLES non apprezzano il ruolo centrale della citt\u00e0 nella politica dell&#8217;UE. Sebbene le decisioni dell&#8217;UE vengano prese a BRUXELLES, solo il 47% dei suoi abitanti afferma: &#8220;Mi sento parte di un grande insieme&#8221;. Solo il 70% ritiene che la propria citt\u00e0 sia \u201cun luogo di eventi significativi in ambito politico e culturale\u201d. Molti ritengono inoltre che &#8220;la reputazione internazionale della loro citt\u00e0&#8221; sia &#8220;molto ridotta&#8221;. A quanto pare, \u00e8 diventato comune in altri paesi lamentarsi ad alta voce e pubblicamente della capitale belga.<\/p>\n<p><a href=\"http:\/\/www.frankmendel.de\/wp-content\/uploads\/2015\/11\/10_Bild_838_551.jpg\"><img loading=\"lazy\" decoding=\"async\" class=\"alignnone wp-image-329 size-full\" src=\"http:\/\/www.frankmendel.de\/wp-content\/uploads\/2015\/11\/10_Bild_838_551.jpg\" alt=\"\" width=\"838\" height=\"551\" srcset=\"https:\/\/www.frankmendel.de\/wp-content\/uploads\/2015\/11\/10_Bild_838_551.jpg 838w, https:\/\/www.frankmendel.de\/wp-content\/uploads\/2015\/11\/10_Bild_838_551-300x197.jpg 300w, https:\/\/www.frankmendel.de\/wp-content\/uploads\/2015\/11\/10_Bild_838_551-350x230.jpg 350w, https:\/\/www.frankmendel.de\/wp-content\/uploads\/2015\/11\/10_Bild_838_551-410x270.jpg 410w\" sizes=\"auto, (max-width: 838px) 100vw, 838px\" \/><\/a><\/p>\n<p>LONDRA, la capitale della Gran Bretagna. Anche questa importante metropoli europea si piazza molto indietro, al rango 26, con un URBAN JOY INDEX di soli 70 punti. Gli abitanti di altre citt\u00e0 britanniche si mostrano nettamente pi\u00f9 felici e soddisfatti nella loro citt\u00e0. Ad esempio, gli abitanti di MANCHESTER e GLASGOW attribuiscono alle loro citt\u00e0 un valore di URBAN JOY INDEX di 74 e 73 punti rispettivamente. Ai LONDINESI piace s\u00ec l\u2019offerta politica e culturale della loro citt\u00e0. Ma il 61 per cento si sente fortemente insicuro a causa della criminalit\u00e0. Il 92 per cento degli abitanti di Londra si lamenta: \u201cLa mia citt\u00e0 \u00e8 diventata estremamente cara\u201d. Il 79 per cento afferma: \u201cNella mia citt\u00e0 non posso permettermi un alloggio\u201d. Ma non sono solo gli affitti estremamente alti a pesare su molti, bens\u00ec anche l\u2019\u201canonimato\u201d della grande citt\u00e0. Quasi la met\u00e0 di tutti i LONDINESI intervistati afferma: \u201cMi mancano i contatti familiari\u201d.<\/p>\n<p><a href=\"http:\/\/www.frankmendel.de\/wp-content\/uploads\/2015\/11\/11_Bild_1293_371.jpg\"><img loading=\"lazy\" decoding=\"async\" class=\"alignleft wp-image-330 size-full\" src=\"http:\/\/www.frankmendel.de\/wp-content\/uploads\/2015\/11\/11_Bild_1293_371.jpg\" alt=\"\" width=\"1293\" height=\"371\" srcset=\"https:\/\/www.frankmendel.de\/wp-content\/uploads\/2015\/11\/11_Bild_1293_371.jpg 1293w, https:\/\/www.frankmendel.de\/wp-content\/uploads\/2015\/11\/11_Bild_1293_371-300x86.jpg 300w, https:\/\/www.frankmendel.de\/wp-content\/uploads\/2015\/11\/11_Bild_1293_371-1024x294.jpg 1024w, https:\/\/www.frankmendel.de\/wp-content\/uploads\/2015\/11\/11_Bild_1293_371-610x175.jpg 610w, https:\/\/www.frankmendel.de\/wp-content\/uploads\/2015\/11\/11_Bild_1293_371-410x118.jpg 410w\" sizes=\"auto, (max-width: 1293px) 100vw, 1293px\" \/><\/a>Le cinque citt\u00e0 tedesche intervistate in merito alla loro GIOIA DI VIVERE URBANA ottengono tutte buoni risultati. Questo contribuisce anche a innalzare il punteggio complessivo della Germania.<br \/>\nAnche se\u2026 FRANCOFORTE (posto 15) e anche BERLINO (posto 13) si collocano, in un confronto europeo, solo nella fascia media. Sulla metropoli finanziaria, la maggior parte die FRANCOFORTESI dichiara: \u201cLa mia citt\u00e0 \u00e8 dura e difficile\u201d. Ma l\u201981 per cento riconosce \u201cbuone opportunit\u00e0 di carriera\u201d. Molti abitanti traggono anche \u201cforza dal carattere internazionale della loro citt\u00e0\u201d. L\u201989 per cento dei FRANCOFORTESI afferma: \u201cLa mia citt\u00e0 \u00e8 una metropoli cosmopolita e riconosciuta a livello mondiale\u201d.<\/p>\n<p><a href=\"http:\/\/www.frankmendel.de\/wp-content\/uploads\/2015\/11\/12_Bild_1200_400.jpg\"><img loading=\"lazy\" decoding=\"async\" class=\"alignleft wp-image-331 size-full\" src=\"http:\/\/www.frankmendel.de\/wp-content\/uploads\/2015\/11\/12_Bild_1200_400.jpg\" alt=\"\" width=\"1200\" height=\"400\" srcset=\"https:\/\/www.frankmendel.de\/wp-content\/uploads\/2015\/11\/12_Bild_1200_400.jpg 1200w, https:\/\/www.frankmendel.de\/wp-content\/uploads\/2015\/11\/12_Bild_1200_400-300x100.jpg 300w, https:\/\/www.frankmendel.de\/wp-content\/uploads\/2015\/11\/12_Bild_1200_400-1024x341.jpg 1024w, https:\/\/www.frankmendel.de\/wp-content\/uploads\/2015\/11\/12_Bild_1200_400-610x203.jpg 610w, https:\/\/www.frankmendel.de\/wp-content\/uploads\/2015\/11\/12_Bild_1200_400-410x137.jpg 410w\" sizes=\"auto, (max-width: 1200px) 100vw, 1200px\" \/><\/a>Lo affermano meno BERLINESI. Solo l&#8217;84% dice &#8220;lo stesso&#8221; della &#8220;propria citt\u00e0&#8221;. Quasi tutti gli abitanti della capitale sono &#8220;soddisfatti dell&#8217;offerta politica e culturale&#8221;. Ma solo il 60% si considera &#8220;parte attiva della sfera della capitale&#8221;. Alcuni la percepiscono come un &#8220;mondo parallelo&#8221;. Solo il 58 per cento dei cittadini BERLINESI afferma: \u201cPosso fare carriera nella mia citt\u00e0\u201d.<\/p>\n<p><a href=\"http:\/\/www.frankmendel.de\/wp-content\/uploads\/2015\/11\/13_Bild_1500_476.jpg\"><img loading=\"lazy\" decoding=\"async\" class=\"alignleft wp-image-332 size-full\" src=\"http:\/\/www.frankmendel.de\/wp-content\/uploads\/2015\/11\/13_Bild_1500_476.jpg\" alt=\"\" width=\"1500\" height=\"476\" srcset=\"https:\/\/www.frankmendel.de\/wp-content\/uploads\/2015\/11\/13_Bild_1500_476.jpg 1500w, https:\/\/www.frankmendel.de\/wp-content\/uploads\/2015\/11\/13_Bild_1500_476-300x95.jpg 300w, https:\/\/www.frankmendel.de\/wp-content\/uploads\/2015\/11\/13_Bild_1500_476-1024x325.jpg 1024w, https:\/\/www.frankmendel.de\/wp-content\/uploads\/2015\/11\/13_Bild_1500_476-610x194.jpg 610w, https:\/\/www.frankmendel.de\/wp-content\/uploads\/2015\/11\/13_Bild_1500_476-410x130.jpg 410w\" sizes=\"auto, (max-width: 1500px) 100vw, 1500px\" \/><\/a>Ai primi tre posti, sul \u201cpodio dei vincitori\u201d, si collocano citt\u00e0 il cui eccellente risultato, salvo un\u2019eccezione, era atteso anche dagli esperti.<\/p>\n<p>IL TERZO POSTO\u2026 viene raggiunto in Europa congiuntamente da BARCELLONA, MONACO e COLONIA. Si dividono \u201cin tre\u201d questo eccellente \u201cterzo posto\u201d. I catalani, monacensi e coloni amano vivere in modo straordinario nelle loro citt\u00e0 e raggiungono un valore elevato di GIOIA DI VIVERE URBANA pari a \u201c80 punti\u201d. Ben al di sopra della media europea di \u201c74 punti\u201d.<\/p>\n<p><a href=\"http:\/\/www.frankmendel.de\/wp-content\/uploads\/2015\/11\/14_Bild_1137_422.jpg\"><img loading=\"lazy\" decoding=\"async\" class=\"alignnone wp-image-333 size-full\" src=\"http:\/\/www.frankmendel.de\/wp-content\/uploads\/2015\/11\/14_Bild_1137_422.jpg\" alt=\"\" width=\"1137\" height=\"422\" srcset=\"https:\/\/www.frankmendel.de\/wp-content\/uploads\/2015\/11\/14_Bild_1137_422.jpg 1137w, https:\/\/www.frankmendel.de\/wp-content\/uploads\/2015\/11\/14_Bild_1137_422-300x111.jpg 300w, https:\/\/www.frankmendel.de\/wp-content\/uploads\/2015\/11\/14_Bild_1137_422-1024x380.jpg 1024w, https:\/\/www.frankmendel.de\/wp-content\/uploads\/2015\/11\/14_Bild_1137_422-610x226.jpg 610w, https:\/\/www.frankmendel.de\/wp-content\/uploads\/2015\/11\/14_Bild_1137_422-410x152.jpg 410w\" sizes=\"auto, (max-width: 1137px) 100vw, 1137px\" \/><\/a><\/p>\n<p>AL SECONDO POSTO \u2026 troviamo AMBURGO. La citt\u00e0 anseatica tedesca riceve un URBAN JOY INDEX di &#8220;85 punti&#8221; dai suoi residenti. Il 95% dei residenti di AMBURGO intervistati trova la propria citt\u00e0 &#8220;molto attraente&#8221;. Il 90% dei residenti afferma: &#8220;Trovo entusiasmante che nella mia citt\u00e0 ci siano stili di vita, tipi e caratteri estremamente diversi&#8221;. A BERLINO, invece, la pensano cos\u00ec solo il 77 per cento. Il 93 per cento degli HAMBURGHESI \u00e8 convinto: \u201cLa mia citt\u00e0 offre una splendida variet\u00e0 di scene alternative e sottoculture\u201d. Nella capitale tedesca questa affermazione viene confermata solo dall\u201987 per cento degli intervistati.<\/p>\n<p><a href=\"http:\/\/www.frankmendel.de\/wp-content\/uploads\/2015\/11\/15_Bild_1200_800.jpg\"><img loading=\"lazy\" decoding=\"async\" class=\"alignnone wp-image-334 size-full\" src=\"http:\/\/www.frankmendel.de\/wp-content\/uploads\/2015\/11\/15_Bild_1200_800.jpg\" alt=\"\" width=\"1200\" height=\"800\" srcset=\"https:\/\/www.frankmendel.de\/wp-content\/uploads\/2015\/11\/15_Bild_1200_800.jpg 1200w, https:\/\/www.frankmendel.de\/wp-content\/uploads\/2015\/11\/15_Bild_1200_800-300x200.jpg 300w, https:\/\/www.frankmendel.de\/wp-content\/uploads\/2015\/11\/15_Bild_1200_800-1024x683.jpg 1024w, https:\/\/www.frankmendel.de\/wp-content\/uploads\/2015\/11\/15_Bild_1200_800-345x230.jpg 345w, https:\/\/www.frankmendel.de\/wp-content\/uploads\/2015\/11\/15_Bild_1200_800-410x273.jpg 410w\" sizes=\"auto, (max-width: 1200px) 100vw, 1200px\" \/><\/a><\/p>\n<p>AL PRIMO POSTO &#8230; LA CAPOLISTA&#8230; PORTO &#8230; La citt\u00e0 portuale portoghese conquista, in termini di GIOIA DI VIVERE URBANA, il gradino pi\u00f9 alto del podio in Europa.<\/p>\n<p>PORTO ha gli abitanti pi\u00f9 soddisfatti e felici. Attribuiscono alla propria citt\u00e0 un URBAN JOY INDEX di \u201c86 punti\u201d. Oltre il 94 per cento trova PORTO \u201cmolto attraente\u201d. Il 91 per cento afferma: \u201cAmo la variet\u00e0 della mia citt\u00e0\u201d e \u201cSono convinto di poter scoprire sempre qualcosa di nuovo nella mia citt\u00e0\u201d. Interessante \u00e8 che \u2026 oltre il 90 per cento degli abitanti di PORTO si dichiara anche \u201cmolto soddisfatto della MOBILIT\u00c0 nella propria citt\u00e0\u201d. In molte altre citt\u00e0 europee, proprio quest\u2019area, la mobilit\u00e0, rappresenta una grande criticit\u00e0 \u2026<\/p>\n<figure id=\"attachment_335\" aria-describedby=\"caption-attachment-335\" style=\"width: 1500px\" class=\"wp-caption alignleft\"><a href=\"http:\/\/www.frankmendel.de\/wp-content\/uploads\/2015\/11\/18__Bild_Ergebnis__Urban_Joy_Index.jpg\"><img loading=\"lazy\" decoding=\"async\" class=\"wp-image-335 size-full\" src=\"http:\/\/www.frankmendel.de\/wp-content\/uploads\/2015\/11\/18__Bild_Ergebnis__Urban_Joy_Index.jpg\" alt=\"\" width=\"1500\" height=\"926\" srcset=\"https:\/\/www.frankmendel.de\/wp-content\/uploads\/2015\/11\/18__Bild_Ergebnis__Urban_Joy_Index.jpg 1500w, https:\/\/www.frankmendel.de\/wp-content\/uploads\/2015\/11\/18__Bild_Ergebnis__Urban_Joy_Index-300x185.jpg 300w, https:\/\/www.frankmendel.de\/wp-content\/uploads\/2015\/11\/18__Bild_Ergebnis__Urban_Joy_Index-1024x632.jpg 1024w, https:\/\/www.frankmendel.de\/wp-content\/uploads\/2015\/11\/18__Bild_Ergebnis__Urban_Joy_Index-373x230.jpg 373w, https:\/\/www.frankmendel.de\/wp-content\/uploads\/2015\/11\/18__Bild_Ergebnis__Urban_Joy_Index-410x253.jpg 410w\" sizes=\"auto, (max-width: 1500px) 100vw, 1500px\" \/><\/a><figcaption id=\"caption-attachment-335\" class=\"wp-caption-text\">I diritti d&#8217;immagine della panoramica &#8220;Joie de vivre urbana in Europa&#8221; mostrata sopra: (c) copyright by DAIMLER AG<\/figcaption><\/figure>\n<p style=\"text-align: right;\">Grazie per la lettura. Commenti e opinioni sono molto graditi.<br \/>\nCosa ne pensi \u2026 In quale posizione collochereste personalmente la TUA CITT\u00c0 nel confronto per quanto riguarda GIOIA DI VIVERE URBANA e FELICIT\u00c0?<br \/>\nSe hai richieste o domande, fammelo sapere in qualsiasi momento.<br \/>\nNon vedo l&#8217;ora di sentirti.<br \/>\nCordiali saluti, Frank Mendel<\/p>\n<p>&nbsp;","protected":false},"excerpt":{"rendered":"<p>COS&#8217;\u00c8 LA GIOIA DI VIVERE URBANA. \u00c8 l&#8217;internazionalit\u00e0 \u2219 \u00e8 l&#8217;opportunit\u00e0 di un buon lavoro \u2219 \u00e8 l&#8217;opportunit\u00e0 per la famiglia \u2219 \u00e8 lo sport \u2219 \u00e8 la cultura \u2219&hellip;<\/p>\n","protected":false},"author":3,"featured_media":320,"comment_status":"closed","ping_status":"open","sticky":false,"template":"","format":"standard","meta":{"footnotes":""},"categories":[54,63,122,127,117,125,6,34,66,23,33,55,22,126,124,119,56,9,10,25,128,11],"tags":[26,57,101,97,31,84,98,96,100,28,29,90,67,35,30,27,58,60,102,13,14,15,95,99,32,24,18],"powerkit_post_featured":[],"class_list":{"0":"post-319","1":"post","2":"type-post","3":"status-publish","4":"format-standard","5":"has-post-thumbnail","7":"category-city-marketing","8":"category-communication","9":"category-communication-evenementielle","10":"category-developpement-regional","11":"category-enthousiasme","12":"category-faconner-lavenir","13":"category-frank-mendel","14":"category-international","15":"category-joie-de-vivre","16":"category-kommunikation","17":"category-lebensfreude","18":"category-location-marketing","19":"category-marketing","20":"category-marketing-urbain","21":"category-mobiliser-le-monde","22":"category-reussite","23":"category-shape-the-future","24":"category-stadtmarketing","25":"category-standortmarketing","26":"category-urban","27":"category-urbanisme","28":"category-zukunft-gestalten","29":"tag-begeisterung","30":"tag-city-marketing","31":"tag-efficace","32":"tag-efficienza","33":"tag-effizient","34":"tag-entusiasmo","35":"tag-felicita","36":"tag-futuro","37":"tag-gioia-di-vivere","38":"tag-glueck","39":"tag-international","40":"tag-internazionale","41":"tag-joie-de-vivre","42":"tag-joy","43":"tag-lebendigkeit","44":"tag-lebensfreude","45":"tag-location-marketing","46":"tag-shape-the-future","47":"tag-soddisfazione","48":"tag-stadtmarketing","49":"tag-standortmarketing","50":"tag-urban","51":"tag-urbano","52":"tag-vitalita","53":"tag-wirkungsvoll","54":"tag-zufriedenheit","55":"tag-zukunft"},"_links":{"self":[{"href":"https:\/\/www.frankmendel.de\/it\/wp-json\/wp\/v2\/posts\/319","targetHints":{"allow":["GET"]}}],"collection":[{"href":"https:\/\/www.frankmendel.de\/it\/wp-json\/wp\/v2\/posts"}],"about":[{"href":"https:\/\/www.frankmendel.de\/it\/wp-json\/wp\/v2\/types\/post"}],"author":[{"embeddable":true,"href":"https:\/\/www.frankmendel.de\/it\/wp-json\/wp\/v2\/users\/3"}],"replies":[{"embeddable":true,"href":"https:\/\/www.frankmendel.de\/it\/wp-json\/wp\/v2\/comments?post=319"}],"version-history":[{"count":9,"href":"https:\/\/www.frankmendel.de\/it\/wp-json\/wp\/v2\/posts\/319\/revisions"}],"predecessor-version":[{"id":1475,"href":"https:\/\/www.frankmendel.de\/it\/wp-json\/wp\/v2\/posts\/319\/revisions\/1475"}],"wp:featuredmedia":[{"embeddable":true,"href":"https:\/\/www.frankmendel.de\/it\/wp-json\/wp\/v2\/media\/320"}],"wp:attachment":[{"href":"https:\/\/www.frankmendel.de\/it\/wp-json\/wp\/v2\/media?parent=319"}],"wp:term":[{"taxonomy":"category","embeddable":true,"href":"https:\/\/www.frankmendel.de\/it\/wp-json\/wp\/v2\/categories?post=319"},{"taxonomy":"post_tag","embeddable":true,"href":"https:\/\/www.frankmendel.de\/it\/wp-json\/wp\/v2\/tags?post=319"},{"taxonomy":"powerkit_post_featured","embeddable":true,"href":"https:\/\/www.frankmendel.de\/it\/wp-json\/wp\/v2\/powerkit_post_featured?post=319"}],"curies":[{"name":"wp","href":"https:\/\/api.w.org\/{rel}","templated":true}]}}