{"id":718,"date":"2025-06-12T14:40:06","date_gmt":"2025-06-12T12:40:06","guid":{"rendered":"http:\/\/www.frankmendel.de\/?p=718"},"modified":"2026-04-29T20:18:20","modified_gmt":"2026-04-29T18:18:20","slug":"es-gewinnt-unsere-urbane-globalisierung","status":"publish","type":"post","link":"https:\/\/www.frankmendel.de\/it\/2025\/06\/12\/es-gewinnt-unsere-urbane-globalisierung\/","title":{"rendered":"VINCE &#8230; LA NOSTRA GLOBALIZZAZIONE URBANA."},"content":{"rendered":"<h1 id=\"vince-la-nostra-globalizzazione-urbana\">VINCE &#8230; LA NOSTRA GLOBALIZZAZIONE URBANA.<\/h1>\n<p><strong>LE NOSTRE CITT\u00c0 MUOVONO IL MONDO.<\/strong><\/p>\n<p><strong>Sono un&#8217;appassionata comunicatrice \u2219 entusiasta abitante della citt\u00e0 \u2219 entusiasta cittadina del mondo.<\/strong><\/p>\n<p>Sono un <strong>attivo globalizzatore<\/strong> e un <strong>networker sostenibile<\/strong> da oltre <strong>20 anni<\/strong>, sia a livello <strong>professionale<\/strong> che <strong>privato<\/strong> nei settori dell&#8217;economia, dei media, della cultura e della politica.<\/p>\n<p>Quattro anni <strong>con un passaporto diplomatico<\/strong> della <strong>Repubblica Federale di Germania<\/strong> \u2219 <strong>50 citt\u00e0 \u2219 15 nazioni \u2219 6 continenti<\/strong> \u2219 Gi\u00e0 da bambino mi \u00e8 stato permesso di andare a scuola in diversi paesi. La mia esperienza dimostra &#8230;<\/p>\n<h5 id=\"le-nostre-citta-giocano-un-ruolo-fondamentale\"><span style=\"color: #808080;\">LE NOSTRE CITT\u00c0 GIOCANO UN RUOLO FONDAMENTALE<\/span><\/h5>\n<h3 id=\"nella-nostra-internazionalizzazione\">NELLA NOSTRA INTERNAZIONALIZZAZIONE.<\/h3>\n<p>Le citt\u00e0 hanno sempre avuto una grande influenza sul nostro <strong>mondo interconnesso<\/strong>. Da oltre <strong>1.000 anni<\/strong> le citt\u00e0 sono alla base del <strong>nostro commercio internazionale<\/strong>.<br \/>\nDa tempo osserviamo importanti legami tra la nostra <strong>urbanizzazione<\/strong>, le nostre relazioni <strong>internazionali<\/strong> e la nostra <strong>globalizzazione<\/strong>. Dalle antiche <strong>rotte commerciali orientali<\/strong> al nostro <strong>mondo densamente collegato oggi<\/strong>.<\/p>\n<p><a href=\"http:\/\/www.frankmendel.de\/wp-content\/uploads\/2015\/12\/06_b_jp_globalisierung_frank_mendel_en.jpg\"><img loading=\"lazy\" decoding=\"async\" class=\"alignnone size-full wp-image-1017\" src=\"http:\/\/www.frankmendel.de\/wp-content\/uploads\/2015\/12\/06_b_jp_globalisierung_frank_mendel_en.jpg\" alt=\"06_b_jp_globalisierung_frank_mendel_en\" width=\"825\" height=\"347\" srcset=\"https:\/\/www.frankmendel.de\/wp-content\/uploads\/2015\/12\/06_b_jp_globalisierung_frank_mendel_en.jpg 825w, https:\/\/www.frankmendel.de\/wp-content\/uploads\/2015\/12\/06_b_jp_globalisierung_frank_mendel_en-300x126.jpg 300w, https:\/\/www.frankmendel.de\/wp-content\/uploads\/2015\/12\/06_b_jp_globalisierung_frank_mendel_en-547x230.jpg 547w, https:\/\/www.frankmendel.de\/wp-content\/uploads\/2015\/12\/06_b_jp_globalisierung_frank_mendel_en-410x172.jpg 410w\" sizes=\"auto, (max-width: 825px) 100vw, 825px\" \/><\/a><\/p>\n<h5 id=\"globalizzazione-totale\"><span style=\"color: #808080;\">GLOBALIZZAZIONE TOTALE:<\/span><\/h5>\n<h3 id=\"dagli-anni-90-unipolari-al-mercato-geopolitico-di-oggi\">DAGLI ANNI &#8217;90 UNIPOLARI AL MERCATO GEOPOLITICO DI OGGI.<\/h3>\n<p><em>Dagli anni &#8217;80 alla fine degli anni &#8217;90, il nostro mondo \u00e8 stato dominato da un solo paese. Gli &#8220;<strong>Stati Uniti d&#8217;America<\/strong>&#8220;. Solo in seguito, altre potenze come &#8220;<strong>Europa<\/strong>&#8220;, &#8220;<strong>Cina<\/strong>&#8220;, &#8220;<strong>India<\/strong>&#8221; e &#8220;<strong>Giappone<\/strong>&#8221; sono diventate mercati importanti.<\/em><\/p>\n<p>Oggi, tuttavia, grazie alle <strong>nostre interdipendenze globali miliardarie<\/strong> e alla <strong>democratizzazione<\/strong> mondiale di <strong>dati, informazioni e notizie<\/strong>, abbiamo creato un &#8220;<strong>mercato geopolitico<\/strong>&#8221; comune in cui si applica una legge &#8230;<\/p>\n<p><span style=\"color: #808080;\">OGNI MERCATO \u00c8 IMPORTANTE.<\/span><\/p>\n<p><a href=\"http:\/\/www.frankmendel.de\/wp-content\/uploads\/2015\/10\/09___fotolia_82826681_welt_03.jpg\"><img loading=\"lazy\" decoding=\"async\" class=\"alignnone wp-image-779 size-full\" src=\"http:\/\/www.frankmendel.de\/wp-content\/uploads\/2015\/10\/09___fotolia_82826681_welt_03.jpg\" alt=\"09___fotolia_82826681_welt_03\" width=\"849\" height=\"566\" srcset=\"https:\/\/www.frankmendel.de\/wp-content\/uploads\/2015\/10\/09___fotolia_82826681_welt_03.jpg 849w, https:\/\/www.frankmendel.de\/wp-content\/uploads\/2015\/10\/09___fotolia_82826681_welt_03-300x200.jpg 300w, https:\/\/www.frankmendel.de\/wp-content\/uploads\/2015\/10\/09___fotolia_82826681_welt_03-345x230.jpg 345w, https:\/\/www.frankmendel.de\/wp-content\/uploads\/2015\/10\/09___fotolia_82826681_welt_03-410x273.jpg 410w\" sizes=\"auto, (max-width: 849px) 100vw, 849px\" \/><\/a><\/p>\n<h5 id=\"le-mie-previsioni\"><span style=\"color: #808080;\">LE MIE PREVISIONI:<\/span><\/h5>\n<h3 id=\"in-futuro-le-nostre-superpotenze-saranno-guidate-dalle-citta\">IN FUTURO LE NOSTRE SUPERPOTENZE SARANNO GUIDATE DALLE CITT\u00c0.<\/h3>\n<p>Negli ultimi anni molte citt\u00e0 si sono trasformate in <strong>arcipelaghi urbani<\/strong>. In alcuni casi, i grandi paesaggi urbani hanno una <strong>rilevanza internazionale<\/strong> e un&#8217;<strong>importanza economica<\/strong> superiore a quella di molti <strong>paesi<\/strong>.<a href=\"http:\/\/www.frankmendel.de\/wp-content\/uploads\/2015\/10\/10___fotolia_95503402_hongkong.jpg\"><img loading=\"lazy\" decoding=\"async\" class=\"alignnone wp-image-780 size-full\" src=\"http:\/\/www.frankmendel.de\/wp-content\/uploads\/2015\/10\/10___fotolia_95503402_hongkong.jpg\" alt=\"10___fotolia_95503402_hongkong\" width=\"847\" height=\"359\" srcset=\"https:\/\/www.frankmendel.de\/wp-content\/uploads\/2015\/10\/10___fotolia_95503402_hongkong.jpg 847w, https:\/\/www.frankmendel.de\/wp-content\/uploads\/2015\/10\/10___fotolia_95503402_hongkong-300x127.jpg 300w, https:\/\/www.frankmendel.de\/wp-content\/uploads\/2015\/10\/10___fotolia_95503402_hongkong-543x230.jpg 543w, https:\/\/www.frankmendel.de\/wp-content\/uploads\/2015\/10\/10___fotolia_95503402_hongkong-410x174.jpg 410w\" sizes=\"auto, (max-width: 847px) 100vw, 847px\" \/><\/a><\/p>\n<p>Ad esempio, il &#8220;<strong>Delta del Fiume delle Perle<\/strong>&#8221; in <strong>Cina<\/strong> sarebbe attualmente una delle <strong>20 nazioni industrializzate pi\u00f9 importanti del mondo [G20]<\/strong> se fosse un paese autonomo.<\/p>\n<h5 id=\"nuove-strutture-di-potere-globale\"><span style=\"color: #808080;\">NUOVE STRUTTURE DI POTERE GLOBALE:<\/span><\/h5>\n<h3 id=\"arcipelaghi-urbani\">ARCIPELAGHI URBANI.<\/h3>\n<h4 id=\"\"><a href=\"http:\/\/www.frankmendel.de\/wp-content\/uploads\/2015\/10\/11__b_jpg_Fotolia_94807577_S_urbane_archi_.jpg\"><img loading=\"lazy\" decoding=\"async\" class=\"alignnone wp-image-813 size-full\" src=\"http:\/\/www.frankmendel.de\/wp-content\/uploads\/2015\/10\/11__b_jpg_Fotolia_94807577_S_urbane_archi_.jpg\" alt=\"11__b_jpg_Fotolia_94807577_S_urbane_archi_\" width=\"803\" height=\"420\" srcset=\"https:\/\/www.frankmendel.de\/wp-content\/uploads\/2015\/10\/11__b_jpg_Fotolia_94807577_S_urbane_archi_.jpg 803w, https:\/\/www.frankmendel.de\/wp-content\/uploads\/2015\/10\/11__b_jpg_Fotolia_94807577_S_urbane_archi_-300x157.jpg 300w, https:\/\/www.frankmendel.de\/wp-content\/uploads\/2015\/10\/11__b_jpg_Fotolia_94807577_S_urbane_archi_-440x230.jpg 440w, https:\/\/www.frankmendel.de\/wp-content\/uploads\/2015\/10\/11__b_jpg_Fotolia_94807577_S_urbane_archi_-410x214.jpg 410w\" sizes=\"auto, (max-width: 803px) 100vw, 803px\" \/><\/a><\/h4>\n<p>Con la loro enorme diversit\u00e0 culturale e la popolazione in costante crescita, gli arcipelaghi urbani accelereranno notevolmente la nostra globalizzazione.<\/p>\n<p>Le citt\u00e0 possono avere un grande successo anche negli Stati falliti. Un paese, invece, non ha alcuna possibilit\u00e0 di sopravvivere senza una citt\u00e0 vitale.<\/p>\n<h6 id=\"le-mie-previsioni-2\"><span style=\"color: #808080;\">LE MIE PREVISIONI:<\/span><\/h6>\n<h6 id=\"attraverso-la-nostra-rete-globale-comune-eviteremo-le-guerre-perche\" style=\"text-align: left;\"><span style=\"color: #808080;\">ATTRAVERSO LA NOSTRA RETE GLOBALE COMUNE EVITEREMO LE GUERRE. PERCH\u00c9&#8230;<\/span><\/h6>\n<h5 id=\"priorita-assoluta-per-tutte-le-nazioni\" style=\"text-align: left;\"><span style=\"color: #808080;\">PRIORIT\u00c0 ASSOLUTA PER TUTTE LE NAZIONI:<\/span><\/h5>\n<h3 id=\"infrastrutture\">INFRASTRUTTURE.<\/h3>\n<p>I governi spendono soldi per gli armamenti. Ma se osserviamo i dati comparativi, ci rendiamo subito conto che le <strong>priorit\u00e0 di<\/strong> quasi tutti i paesi sono gli <strong>enormi investimenti<\/strong> nelle nostre <strong>infrastrutture globali<\/strong> condivise.<br \/>\nQuasi tutte le <strong>nazioni<\/strong> oggi spendono <strong>somme enormi<\/strong> per le nostre <strong>reti di telecomunicazioni globali<\/strong>, per le <strong>reti di trasporto<\/strong>, per le <strong>reti di traffico<\/strong> e per le <strong>catene di approvvigionamento<\/strong>.<\/p>\n<p>Per questo motivo, in futuro i nostri Paesi non rischieranno pi\u00f9 di distruggere i loro ingenti investimenti infrastrutturali con guerre banali. In futuro, possiamo sicuramente aspettarci che politici e imprenditori mettano in scena &#8220;prove di forza&#8221;. L&#8217;obiettivo principale sar\u00e0 quello di mantenere la supervisione delle catene di approvvigionamento globali.<\/p>\n<p>Sicuramente sperimenteremo una o due manovre aggressive. Tuttavia, sono convinto che si tratter\u00e0 di alternative pi\u00f9 accettabili rispetto alle nostre guerre precedenti.<\/p>\n<p><a href=\"http:\/\/www.frankmendel.de\/wp-content\/uploads\/2015\/10\/13___fotolia_45962160_welt_04.jpg\"><img loading=\"lazy\" decoding=\"async\" class=\"alignnone wp-image-781 size-full\" src=\"http:\/\/www.frankmendel.de\/wp-content\/uploads\/2015\/10\/13___fotolia_45962160_welt_04.jpg\" alt=\"13___fotolia_45962160_welt_04\" width=\"953\" height=\"418\" srcset=\"https:\/\/www.frankmendel.de\/wp-content\/uploads\/2015\/10\/13___fotolia_45962160_welt_04.jpg 953w, https:\/\/www.frankmendel.de\/wp-content\/uploads\/2015\/10\/13___fotolia_45962160_welt_04-300x132.jpg 300w, https:\/\/www.frankmendel.de\/wp-content\/uploads\/2015\/10\/13___fotolia_45962160_welt_04-524x230.jpg 524w, https:\/\/www.frankmendel.de\/wp-content\/uploads\/2015\/10\/13___fotolia_45962160_welt_04-410x180.jpg 410w\" sizes=\"auto, (max-width: 953px) 100vw, 953px\" \/><\/a><\/p>\n<h5 id=\"il-nostro-comune\"><span style=\"color: #808080;\">IL NOSTRO COMUNE<\/span><\/h5>\n<h3 id=\"prospettive-globali\">PROSPETTIVE GLOBALI.<\/h3>\n<p>Oggi le nostre <strong>interdipendenze digitali<\/strong> ci aprono molte <strong>opportunit\u00e0 e possibilit\u00e0 comuni a livello globale<\/strong>.<\/p>\n<p>Nell&#8217;<strong>economia<\/strong>, nella <strong>politica<\/strong>, nella <strong>cultura<\/strong>, nell&#8217;<strong>ambiente<\/strong> e nella <strong>comunicazione<\/strong> tra <strong>tutte le persone<\/strong>, le <strong>citt\u00e0<\/strong>, le <strong>aziende<\/strong> e le <strong>istituzioni<\/strong>.<\/p>\n<p>Come fan euforico del &#8220;<strong>Manifesto di Cluetrain<\/strong>&#8220;, mi piacciono le nostre <strong>fitte reti globali<\/strong>.<\/p>\n<p><strong>Noi esseri umani<\/strong> siamo <strong>diventati molto pi\u00f9<\/strong> vicini dopo il cambio di millennio.<\/p>\n<p><a href=\"http:\/\/www.frankmendel.de\/wp-content\/uploads\/2015\/10\/03___fotolia_95906289.jpg\"><img loading=\"lazy\" decoding=\"async\" class=\"alignnone wp-image-776 size-full\" src=\"http:\/\/www.frankmendel.de\/wp-content\/uploads\/2015\/10\/03___fotolia_95906289.jpg\" alt=\"03___fotolia_95906289\" width=\"848\" height=\"355\" srcset=\"https:\/\/www.frankmendel.de\/wp-content\/uploads\/2015\/10\/03___fotolia_95906289.jpg 848w, https:\/\/www.frankmendel.de\/wp-content\/uploads\/2015\/10\/03___fotolia_95906289-300x126.jpg 300w, https:\/\/www.frankmendel.de\/wp-content\/uploads\/2015\/10\/03___fotolia_95906289-549x230.jpg 549w, https:\/\/www.frankmendel.de\/wp-content\/uploads\/2015\/10\/03___fotolia_95906289-410x172.jpg 410w\" sizes=\"auto, (max-width: 848px) 100vw, 848px\" \/><\/a><\/p>\n<h5 id=\"progresso-urbano\"><span style=\"color: #808080;\">PROGRESSO URBANO:<br \/>\n<\/span><\/h5>\n<h3 id=\"mobilita-urbana\">MOBILIT\u00c0 URBANA.<\/h3>\n<p>Nel prossimo futuro ci attendono <strong>interessanti progressi in campo urbano<\/strong>. Ad esempio, ci sono due interessanti <strong>sviluppi<\/strong> nell&#8217;area della &#8220;<strong>mobilit\u00e0 urbana<\/strong>&#8220;:<\/p>\n<p>Stiamo testando la &#8220;<strong>driverless car<\/strong>&#8221; in molte <strong>citt\u00e0<\/strong>.<\/p>\n<p><a href=\"http:\/\/www.frankmendel.de\/wp-content\/uploads\/2015\/10\/04___fotolia_56312148_helsinki.jpg\"><img loading=\"lazy\" decoding=\"async\" class=\"alignnone wp-image-777 size-full\" src=\"http:\/\/www.frankmendel.de\/wp-content\/uploads\/2015\/10\/04___fotolia_56312148_helsinki.jpg\" alt=\"04___fotolia_56312148_helsinki\" width=\"848\" height=\"435\" srcset=\"https:\/\/www.frankmendel.de\/wp-content\/uploads\/2015\/10\/04___fotolia_56312148_helsinki.jpg 848w, https:\/\/www.frankmendel.de\/wp-content\/uploads\/2015\/10\/04___fotolia_56312148_helsinki-300x154.jpg 300w, https:\/\/www.frankmendel.de\/wp-content\/uploads\/2015\/10\/04___fotolia_56312148_helsinki-448x230.jpg 448w, https:\/\/www.frankmendel.de\/wp-content\/uploads\/2015\/10\/04___fotolia_56312148_helsinki-410x210.jpg 410w\" sizes=\"auto, (max-width: 848px) 100vw, 848px\" \/><\/a><\/p>\n<p>Nella <strong>capitale finlandese Helsinki<\/strong>, scopriamo che i <strong>giovani<\/strong> di questa citt\u00e0 <strong>non comprano quasi pi\u00f9 auto private<\/strong>. Il motivo \u00e8 che la <strong>rete di trasporti pubblici<\/strong> di Helsinki \u00e8 molto <strong>sviluppata<\/strong>.<\/p>\n<p><a href=\"http:\/\/www.frankmendel.de\/wp-content\/uploads\/2015\/10\/05___fotolia_94807577_welt_05.jpg\"><img loading=\"lazy\" decoding=\"async\" class=\"alignnone wp-image-778 size-full\" src=\"http:\/\/www.frankmendel.de\/wp-content\/uploads\/2015\/10\/05___fotolia_94807577_welt_05.jpg\" alt=\"05___fotolia_94807577_welt_05\" width=\"848\" height=\"430\" srcset=\"https:\/\/www.frankmendel.de\/wp-content\/uploads\/2015\/10\/05___fotolia_94807577_welt_05.jpg 848w, https:\/\/www.frankmendel.de\/wp-content\/uploads\/2015\/10\/05___fotolia_94807577_welt_05-300x152.jpg 300w, https:\/\/www.frankmendel.de\/wp-content\/uploads\/2015\/10\/05___fotolia_94807577_welt_05-454x230.jpg 454w, https:\/\/www.frankmendel.de\/wp-content\/uploads\/2015\/10\/05___fotolia_94807577_welt_05-410x208.jpg 410w\" sizes=\"auto, (max-width: 848px) 100vw, 848px\" \/><\/a><\/p>\n<h5 id=\"internazionalizzazione-urbana\"><span style=\"color: #808080;\">INTERNAZIONALIZZAZIONE URBANA:<\/span><\/h5>\n<h3 id=\"diplomazia-di-successo-delle-citta\">DIPLOMAZIA DI SUCCESSO DELLE CITT\u00c0.<\/h3>\n<p><a href=\"http:\/\/www.frankmendel.de\/wp-content\/uploads\/2015\/10\/14___IMG_0901-_frank_mendel_1500.jpg\"><img loading=\"lazy\" decoding=\"async\" class=\"alignnone wp-image-744 size-full\" src=\"https:\/\/www.frankmendel.de\/wp-content\/uploads\/2015\/10\/14___IMG_0901-_frank_mendel_1500.jpg\" alt=\"Frank Mendel\" width=\"1500\" height=\"757\" srcset=\"https:\/\/www.frankmendel.de\/wp-content\/uploads\/2015\/10\/14___IMG_0901-_frank_mendel_1500.jpg 1500w, https:\/\/www.frankmendel.de\/wp-content\/uploads\/2015\/10\/14___IMG_0901-_frank_mendel_1500-300x151.jpg 300w, https:\/\/www.frankmendel.de\/wp-content\/uploads\/2015\/10\/14___IMG_0901-_frank_mendel_1500-1024x517.jpg 1024w, https:\/\/www.frankmendel.de\/wp-content\/uploads\/2015\/10\/14___IMG_0901-_frank_mendel_1500-456x230.jpg 456w, https:\/\/www.frankmendel.de\/wp-content\/uploads\/2015\/10\/14___IMG_0901-_frank_mendel_1500-410x207.jpg 410w\" sizes=\"auto, (max-width: 1500px) 100vw, 1500px\" \/><\/a><\/p>\n<p><strong>Grazie per il fiducioso onore <\/strong>di poter<strong> supportare efficacemente <\/strong>il<strong> Ministero delle Finanze e dell&#8217;Economia del Baden-W\u00fcrttemberg, <\/strong>tra gli altri, con la<strong> mia personale e resiliente rete di relazioni con importanti figure internazionali e societ\u00e0 di media.<\/strong><\/p>\n<p>In particolare, gli stretti<strong> legami diplomatici tra le nostre citt\u00e0 e le nostre regioni <\/strong>sono <strong>decisivi per l&#8217;internazionalizzazione congiunta e sostenibile.<\/strong><\/p>\n<p>Ad esempio, la <strong>cooperazione<\/strong> tra &#8220;<strong>Baden-W\u00fcrttemberg<\/strong>&#8221; e &#8220;<strong>Catalogna<\/strong>&#8221; nell&#8217;ambito della mobilit\u00e0 del lavoro.<\/p>\n<p><a href=\"http:\/\/www.frankmendel.de\/wp-content\/uploads\/2015\/10\/15___fotolia_64388310_barcelona_06.jpg\"><img loading=\"lazy\" decoding=\"async\" class=\"alignnone wp-image-782 size-full\" src=\"http:\/\/www.frankmendel.de\/wp-content\/uploads\/2015\/10\/15___fotolia_64388310_barcelona_06.jpg\" alt=\"15___fotolia_64388310_barcelona_06\" width=\"1232\" height=\"157\" srcset=\"https:\/\/www.frankmendel.de\/wp-content\/uploads\/2015\/10\/15___fotolia_64388310_barcelona_06.jpg 1232w, https:\/\/www.frankmendel.de\/wp-content\/uploads\/2015\/10\/15___fotolia_64388310_barcelona_06-300x38.jpg 300w, https:\/\/www.frankmendel.de\/wp-content\/uploads\/2015\/10\/15___fotolia_64388310_barcelona_06-1024x130.jpg 1024w, https:\/\/www.frankmendel.de\/wp-content\/uploads\/2015\/10\/15___fotolia_64388310_barcelona_06-610x78.jpg 610w, https:\/\/www.frankmendel.de\/wp-content\/uploads\/2015\/10\/15___fotolia_64388310_barcelona_06-410x52.jpg 410w\" sizes=\"auto, (max-width: 1232px) 100vw, 1232px\" \/><\/a><\/p>\n<h6 id=\"prima-giornata-del-baden-wurttemberg-a-barcellona\"><span style=\"color: #808080;\">PRIMA GIORNATA DEL BADEN-W\u00dcRTTEMBERG A BARCELLONA<\/span><\/h6>\n<p>Le due regioni europee partner hanno posato la prima pietra nell&#8217;aprile 2015 con un evento congiunto a Barcellona.<\/p>\n<p>Nils Schmid, ex Vice Presidente del Consiglio e Ministro delle Finanze e degli Affari Economici, si \u00e8 detto entusiasta: &#8220;La giornata del Baden-W\u00fcrttemberg a Barcellona \u00e8 l&#8217;inizio positivo della nostra collaborazione nei settori della manodopera qualificata, della formazione e delle universit\u00e0&#8221;.<\/p>\n<p style=\"text-align: center;\"><span style=\"color: #808080;\">I N\u00a0 N O S T R I<br \/>\n\u2219\u00a0 P R E P A R A Z I O N I\u00a0 \u2219<br \/>\n\u2219\u00a0 R E A L I Z Z A Z I O N I\u00a0 \u2219<br \/>\n\u2219\u00a0 I M P R E S S I O N I\u00a0 \u2219<\/span><\/p>\n<p><a href=\"http:\/\/www.frankmendel.de\/wp-content\/uploads\/2015\/10\/16___Barcelona_BW_Tag_2015_04_22_1500.jpg\"><img loading=\"lazy\" decoding=\"async\" class=\"alignnone wp-image-755 size-full\" src=\"http:\/\/www.frankmendel.de\/wp-content\/uploads\/2015\/10\/16___Barcelona_BW_Tag_2015_04_22_1500.jpg\" alt=\"16___Barcelona_BW_Tag_2015_04_22_1500\" width=\"1500\" height=\"1061\" srcset=\"https:\/\/www.frankmendel.de\/wp-content\/uploads\/2015\/10\/16___Barcelona_BW_Tag_2015_04_22_1500.jpg 1500w, https:\/\/www.frankmendel.de\/wp-content\/uploads\/2015\/10\/16___Barcelona_BW_Tag_2015_04_22_1500-300x212.jpg 300w, https:\/\/www.frankmendel.de\/wp-content\/uploads\/2015\/10\/16___Barcelona_BW_Tag_2015_04_22_1500-1024x724.jpg 1024w, https:\/\/www.frankmendel.de\/wp-content\/uploads\/2015\/10\/16___Barcelona_BW_Tag_2015_04_22_1500-325x230.jpg 325w, https:\/\/www.frankmendel.de\/wp-content\/uploads\/2015\/10\/16___Barcelona_BW_Tag_2015_04_22_1500-410x290.jpg 410w\" sizes=\"auto, (max-width: 1500px) 100vw, 1500px\" \/><\/a><\/p>\n<p>Grazie per il tuo interesse. Grazie per aver letto. I commenti sono molto graditi. Hai qualche domanda? Fammi sapere in qualsiasi momento. Non vedo l&#8217;ora di sentirti.<br \/>\nCordiali saluti, Frank Mendel<\/p>\n<hr \/>\n<hr \/>\n<p>The image rights in my blog feature on &#8220;THE WINNER IS &#8230; OUR URBAN GLOBALISATION&#8221; are subject to the following copyrights ||| Images 01, 06, 07, 08, 11, 12, 14: (c) copyright by Frank Mendel |||\u00a0Images 02, 03, 04, 05, 09, 10, 13, 15: (c) copyright by fotolia |||\u00a0Image 16: (c) copyright by Frank Mendel + Vincenzo Rigogliuso.","protected":false},"excerpt":{"rendered":"<p>Sono un&#8217;appassionata comunicatrice \u2219 entusiasta abitante della citt\u00e0 \u2219 entusiasta cittadina del mondo. Quattro anni con un passaporto diplomatico della Repubblica Federale di Germania \u2219 50 citt\u00e0 \u2219 15 nazioni \u2219 6 continenti \u2219 Gi\u00e0 da bambino mi \u00e8 stato permesso di andare a scuola in diversi paesi. La mia esperienza dimostra &#8230;<\/p>\n","protected":false},"author":3,"featured_media":717,"comment_status":"closed","ping_status":"open","sticky":false,"template":"","format":"standard","meta":{"footnotes":""},"categories":[129,54,63,122,127,72,73,118,117,51,125,6,69,68,21,82,34,71,70,66,23,33,40,55,22,121,123,126,81,124,120,119,56,9,10,25,128,11],"tags":[116,26,57,109,92,94,114,79,78,104,85,103,84,16,106,50,87,112,41,64,96,75,74,88,20,83,17,89,29,77,76,90,91,36,58,108,110,113,80,111,93,107,105,60,13,14,86,15,115,95,18],"powerkit_post_featured":[],"class_list":{"0":"post-718","1":"post","2":"type-post","3":"status-publish","4":"format-standard","5":"has-post-thumbnail","7":"category-avenir","8":"category-city-marketing","9":"category-communication","10":"category-communication-evenementielle","11":"category-developpement-regional","12":"category-diplomacy-of-cities","13":"category-diplomatie-der-staedte","14":"category-diplomatie-des-villes","15":"category-enthousiasme","16":"category-events-bewegen","17":"category-faconner-lavenir","18":"category-frank-mendel","19":"category-globalisation","20":"category-globalisierung","21":"category-hr-marketing","22":"category-imco-international-media-and-marketing-cooperations","23":"category-international","24":"category-internationalisation","25":"category-internationalisierung","26":"category-joie-de-vivre","27":"category-kommunikation","28":"category-lebensfreude","29":"category-live-communication","30":"category-location-marketing","31":"category-marketing","32":"category-marketing-rh","33":"category-marketing-territorial","34":"category-marketing-urbain","35":"category-mobilise-the-world","36":"category-mobiliser-le-monde","37":"category-mondialisation","38":"category-reussite","39":"category-shape-the-future","40":"category-stadtmarketing","41":"category-standortmarketing","42":"category-urban","43":"category-urbanisme","44":"category-zukunft-gestalten","45":"tag-avenir","46":"tag-begeisterung","47":"tag-city-marketing","48":"tag-communication-evenementielle","49":"tag-comunicazione-dal-vivo","50":"tag-dare-forma-al-futuro","51":"tag-developpement-regional","52":"tag-diplomacy-of-cities","53":"tag-diplomatie-der-staedte","54":"tag-diplomatie-des-villes","55":"tag-diplomazia-delle-citta","56":"tag-enthousiasme","57":"tag-entusiasmo","58":"tag-erfolgreich","59":"tag-evenement","60":"tag-event","61":"tag-evento","62":"tag-faconner-lavenir","63":"tag-frank-mendel","64":"tag-future","65":"tag-futuro","66":"tag-globalisation","67":"tag-globalisierung","68":"tag-globalizzazione","69":"tag-hr-marketing","70":"tag-imco-international-media-and-marketing-cooperations","71":"tag-innovativ","72":"tag-innovativo","73":"tag-international","74":"tag-internationalisation","75":"tag-internationalisierung","76":"tag-internazionale","77":"tag-internazionalizzazione","78":"tag-live-communication","79":"tag-location-marketing","80":"tag-marketing-rh","81":"tag-marketing-territorial","82":"tag-marketing-urbain","83":"tag-mobilise-the-world","84":"tag-mobiliser-le-monde","85":"tag-mobilitare-il-mondo","86":"tag-mondialisation","87":"tag-reussite","88":"tag-shape-the-future","89":"tag-stadtmarketing","90":"tag-standortmarketing","91":"tag-successo","92":"tag-urban","93":"tag-urbanisme","94":"tag-urbano","95":"tag-zukunft"},"_links":{"self":[{"href":"https:\/\/www.frankmendel.de\/it\/wp-json\/wp\/v2\/posts\/718","targetHints":{"allow":["GET"]}}],"collection":[{"href":"https:\/\/www.frankmendel.de\/it\/wp-json\/wp\/v2\/posts"}],"about":[{"href":"https:\/\/www.frankmendel.de\/it\/wp-json\/wp\/v2\/types\/post"}],"author":[{"embeddable":true,"href":"https:\/\/www.frankmendel.de\/it\/wp-json\/wp\/v2\/users\/3"}],"replies":[{"embeddable":true,"href":"https:\/\/www.frankmendel.de\/it\/wp-json\/wp\/v2\/comments?post=718"}],"version-history":[{"count":10,"href":"https:\/\/www.frankmendel.de\/it\/wp-json\/wp\/v2\/posts\/718\/revisions"}],"predecessor-version":[{"id":2002,"href":"https:\/\/www.frankmendel.de\/it\/wp-json\/wp\/v2\/posts\/718\/revisions\/2002"}],"wp:featuredmedia":[{"embeddable":true,"href":"https:\/\/www.frankmendel.de\/it\/wp-json\/wp\/v2\/media\/717"}],"wp:attachment":[{"href":"https:\/\/www.frankmendel.de\/it\/wp-json\/wp\/v2\/media?parent=718"}],"wp:term":[{"taxonomy":"category","embeddable":true,"href":"https:\/\/www.frankmendel.de\/it\/wp-json\/wp\/v2\/categories?post=718"},{"taxonomy":"post_tag","embeddable":true,"href":"https:\/\/www.frankmendel.de\/it\/wp-json\/wp\/v2\/tags?post=718"},{"taxonomy":"powerkit_post_featured","embeddable":true,"href":"https:\/\/www.frankmendel.de\/it\/wp-json\/wp\/v2\/powerkit_post_featured?post=718"}],"curies":[{"name":"wp","href":"https:\/\/api.w.org\/{rel}","templated":true}]}}